{"id":1638,"date":"2025-02-13T11:32:00","date_gmt":"2025-02-13T11:32:00","guid":{"rendered":"https:\/\/elrincondepancho.com\/?p=1638"},"modified":"2025-09-10T11:48:03","modified_gmt":"2025-09-10T11:48:03","slug":"ou-manger-le-jour-de-la-fete-des-peres-a-tenerife","status":"publish","type":"post","link":"https:\/\/elrincondepancho.com\/fr\/2025\/02\/13\/ou-manger-le-jour-de-la-fete-des-peres-a-tenerife\/","title":{"rendered":"O\u00f9 manger le jour de la f\u00eate des p\u00e8res \u00e0 Tenerife ?"},"content":{"rendered":"<p>La f\u00eate des p\u00e8res est l&rsquo;occasion id\u00e9ale de partager des moments sp\u00e9ciaux et de lui remercier pour tout ce qu&rsquo;il fait pour nous. Et quelle meilleure fa\u00e7on de le c\u00e9l\u00e9brer qu&rsquo;avec une exp\u00e9rience gastronomique inoubliable ? Si vous cherchez <strong>o\u00f9 manger pour la f\u00eate des p\u00e8res<\/strong>, notre <em>restaurant \u00e0 Los Cristianos, Tenerife<\/em> est l&rsquo;endroit id\u00e9al pour d\u00e9guster des tapas authentiques dans une ambiance chaleureuse.<\/p>\n<p><img loading=\"lazy\" decoding=\"async\" class=\"wp-image-880 size-medium alignright\" src=\"https:\/\/elrincondepancho.com\/wp-content\/uploads\/2021\/12\/papas-arrugadas-con-2-mojos-300x231.jpg\" alt=\"\" width=\"300\" height=\"231\" srcset=\"https:\/\/elrincondepancho.com\/wp-content\/uploads\/2021\/12\/papas-arrugadas-con-2-mojos-300x231.jpg 300w, https:\/\/elrincondepancho.com\/wp-content\/uploads\/2021\/12\/papas-arrugadas-con-2-mojos-1024x789.jpg 1024w, https:\/\/elrincondepancho.com\/wp-content\/uploads\/2021\/12\/papas-arrugadas-con-2-mojos-768x592.jpg 768w, https:\/\/elrincondepancho.com\/wp-content\/uploads\/2021\/12\/papas-arrugadas-con-2-mojos.jpg 1402w\" sizes=\"auto, (max-width: 300px) 100vw, 300px\" \/><\/p>\n<p>Dans notre menu, vous trouverez une grande vari\u00e9t\u00e9 de tapas adapt\u00e9es \u00e0 tous les go\u00fbts. Des options classiques comme les papas arrugadas avec mojo, les croquettes maison et les calamars \u00e0 l&rsquo;andalouse, jusqu&rsquo;\u00e0 des propositions plus innovantes avec des produits frais et de qualit\u00e9. L&rsquo;essence des tapas, c&rsquo;est de partager, c&rsquo;est pourquoi nos portions sont id\u00e9ales pour profiter en famille et go\u00fbter diff\u00e9rentes saveurs sans avoir \u00e0 choisir un seul plat.<\/p>\n<p>Pour cette date si sp\u00e9ciale, nous voulons que vous profitiez sans pr\u00e9cipitation, savourant chaque bouch\u00e9e en bonne compagnie. C&rsquo;est pourquoi nous vous recommandons d&rsquo;accompagner vos tapas d&rsquo;un verre de vin local ou d&rsquo;une bi\u00e8re bien fra\u00eeche. Et, bien s\u00fbr, un dessert maison pour couronner la c\u00e9l\u00e9bration. Du classique bienmesabe \u00e0 un irr\u00e9sistible g\u00e2teau au fromage, la fin parfaite pour un repas sp\u00e9cial.<\/p>\n<p>Notre restaurant \u00e0 Los Cristianos est l&rsquo;endroit parfait pour c\u00e9l\u00e9brer cette date importante. Non seulement pour la qualit\u00e9 de nos plats, mais aussi pour l&rsquo;ambiance chaleureuse et le service excellent. Nous croyons que chaque repas doit \u00eatre une exp\u00e9rience, c&rsquo;est pourquoi nous soignons chaque d\u00e9tail pour que vous profitiez pleinement.<\/p>\n<p>De plus, nous savons que trouver <em>o\u00f9 manger pour la f\u00eate des p\u00e8res<\/em> peut \u00eatre compliqu\u00e9 si vous ne r\u00e9servez pas \u00e0 l&rsquo;avance. \u00c0 cette p\u00e9riode de l&rsquo;ann\u00e9e, les tables se remplissent rapidement, alors nous vous conseillons de r\u00e9server \u00e0 l&rsquo;avance pour garantir la meilleure place pour vous et votre famille. Nous voulons que cette journ\u00e9e soit inoubliable, pleine de rires, de bonne nourriture et de moments qui resteront dans les m\u00e9moires.<\/p>\n<p>Ne manquez pas l&rsquo;occasion de c\u00e9l\u00e9brer comme il se doit. Profitez d&rsquo;un repas authentique, de qualit\u00e9 et dans la meilleure ambiance. Surprenez papa avec une exp\u00e9rience gastronomique unique et vivez une f\u00eate des p\u00e8res inoubliable.<\/p>\n<p>\ud83d\udcc5 <a href=\"https:\/\/elrincondepancho.com\/#contacto\">R\u00e9servez maintenant et c\u00e9l\u00e9brez dans notre restaurant \u00e0 Los Cristianos, Tenerife. Nous vous attendons avec les meilleures tapas !<\/a><\/p>\n","protected":false},"excerpt":{"rendered":"<p>La f\u00eate des p\u00e8res est l&rsquo;occasion id\u00e9ale de partager des moments sp\u00e9ciaux et de lui remercier pour tout ce qu&rsquo;il fait pour nous. Et quelle meilleure fa\u00e7on de le c\u00e9l\u00e9brer qu&rsquo;avec une exp\u00e9rience gastronomique inoubliable ? Si vous cherchez o\u00f9 manger pour la f\u00eate des p\u00e8res, notre restaurant \u00e0 Los Cristianos, Tenerife est l&rsquo;endroit id\u00e9al<span class=\"read_more_area\"><a class=\"read-more\" href=\"https:\/\/elrincondepancho.com\/fr\/2025\/02\/13\/ou-manger-le-jour-de-la-fete-des-peres-a-tenerife\/\"> Continue Reading <\/a><\/span><\/p>\n","protected":false},"author":1,"featured_media":1633,"comment_status":"closed","ping_status":"closed","sticky":false,"template":"","format":"standard","meta":{"footnotes":""},"categories":[39],"tags":[],"class_list":["post-1638","post","type-post","status-publish","format-standard","has-post-thumbnail","hentry","category-tapas-a-tenerife"],"yoast_head":"<!-- This site is optimized with the Yoast SEO Premium plugin v26.2 (Yoast SEO v26.2) - https:\/\/yoast.com\/wordpress\/plugins\/seo\/ -->\n<title>O\u00f9 manger le jour de la f\u00eate des p\u00e8res \u00e0 Tenerife ? - El Rinc\u00f3n de Pancho<\/title>\n<meta name=\"description\" content=\"Venez dans notre restaurant \u00e0 Los Cristianos, Tenerife. D\u00e9couvrez les meilleures tapas et profitez sans souci de l&#039;endroit o\u00f9 manger le jour de la f\u00eate des p\u00e8res\" \/>\n<meta name=\"robots\" content=\"index, follow, max-snippet:-1, max-image-preview:large, max-video-preview:-1\" \/>\n<link rel=\"canonical\" href=\"https:\/\/elrincondepancho.com\/fr\/2025\/02\/13\/ou-manger-le-jour-de-la-fete-des-peres-a-tenerife\/\" \/>\n<meta property=\"og:locale\" content=\"fr_FR\" \/>\n<meta property=\"og:type\" content=\"article\" \/>\n<meta property=\"og:title\" content=\"O\u00f9 manger le jour de la f\u00eate des p\u00e8res \u00e0 Tenerife ?\" \/>\n<meta property=\"og:description\" content=\"Venez dans notre restaurant \u00e0 Los Cristianos, Tenerife. D\u00e9couvrez les meilleures tapas et profitez sans souci de l&#039;endroit o\u00f9 manger le jour de la f\u00eate des p\u00e8res\" \/>\n<meta property=\"og:url\" content=\"https:\/\/elrincondepancho.com\/fr\/2025\/02\/13\/ou-manger-le-jour-de-la-fete-des-peres-a-tenerife\/\" \/>\n<meta property=\"og:site_name\" content=\"El Rinc\u00f3n de Pancho\" \/>\n<meta property=\"article:published_time\" content=\"2025-02-13T11:32:00+00:00\" \/>\n<meta property=\"article:modified_time\" content=\"2025-09-10T11:48:03+00:00\" \/>\n<meta property=\"og:image\" content=\"https:\/\/elrincondepancho.com\/wp-content\/uploads\/2025\/02\/\u00bfDonde-comer-el-Dia-del-Padre_-Disfruta-de-las-mejores-tapas-en-Los-Cristianos-Tenerife.jpg\" \/>\n\t<meta property=\"og:image:width\" content=\"1240\" \/>\n\t<meta property=\"og:image:height\" content=\"600\" \/>\n\t<meta property=\"og:image:type\" content=\"image\/jpeg\" \/>\n<meta name=\"author\" content=\"alana\" \/>\n<meta name=\"twitter:card\" content=\"summary_large_image\" \/>\n<meta name=\"twitter:label1\" content=\"\u00c9crit par\" \/>\n\t<meta name=\"twitter:data1\" content=\"alana\" \/>\n\t<meta name=\"twitter:label2\" content=\"Dur\u00e9e de lecture estim\u00e9e\" \/>\n\t<meta name=\"twitter:data2\" content=\"3 minutes\" \/>\n<script type=\"application\/ld+json\" class=\"yoast-schema-graph\">{\"@context\":\"https:\/\/schema.org\",\"@graph\":[{\"@type\":\"Article\",\"@id\":\"https:\/\/elrincondepancho.com\/fr\/2025\/02\/13\/ou-manger-le-jour-de-la-fete-des-peres-a-tenerife\/#article\",\"isPartOf\":{\"@id\":\"https:\/\/elrincondepancho.com\/fr\/2025\/02\/13\/ou-manger-le-jour-de-la-fete-des-peres-a-tenerife\/\"},\"author\":{\"name\":\"alana\",\"@id\":\"https:\/\/elrincondepancho.com\/#\/schema\/person\/bfa0b977f2886f51b258b0453c49b5ee\"},\"headline\":\"O\u00f9 manger le jour de la f\u00eate des p\u00e8res \u00e0 Tenerife ?\",\"datePublished\":\"2025-02-13T11:32:00+00:00\",\"dateModified\":\"2025-09-10T11:48:03+00:00\",\"mainEntityOfPage\":{\"@id\":\"https:\/\/elrincondepancho.com\/fr\/2025\/02\/13\/ou-manger-le-jour-de-la-fete-des-peres-a-tenerife\/\"},\"wordCount\":442,\"publisher\":{\"@id\":\"https:\/\/elrincondepancho.com\/#organization\"},\"image\":{\"@id\":\"https:\/\/elrincondepancho.com\/fr\/2025\/02\/13\/ou-manger-le-jour-de-la-fete-des-peres-a-tenerife\/#primaryimage\"},\"thumbnailUrl\":\"https:\/\/elrincondepancho.com\/wp-content\/uploads\/2025\/02\/\u00bfDonde-comer-el-Dia-del-Padre_-Disfruta-de-las-mejores-tapas-en-Los-Cristianos-Tenerife.jpg\",\"articleSection\":[\"Tapas \u00e0 Tenerife\"],\"inLanguage\":\"fr-FR\"},{\"@type\":\"WebPage\",\"@id\":\"https:\/\/elrincondepancho.com\/fr\/2025\/02\/13\/ou-manger-le-jour-de-la-fete-des-peres-a-tenerife\/\",\"url\":\"https:\/\/elrincondepancho.com\/fr\/2025\/02\/13\/ou-manger-le-jour-de-la-fete-des-peres-a-tenerife\/\",\"name\":\"O\u00f9 manger le jour de la f\u00eate des p\u00e8res \u00e0 Tenerife ? - El Rinc\u00f3n de Pancho\",\"isPartOf\":{\"@id\":\"https:\/\/elrincondepancho.com\/#website\"},\"primaryImageOfPage\":{\"@id\":\"https:\/\/elrincondepancho.com\/fr\/2025\/02\/13\/ou-manger-le-jour-de-la-fete-des-peres-a-tenerife\/#primaryimage\"},\"image\":{\"@id\":\"https:\/\/elrincondepancho.com\/fr\/2025\/02\/13\/ou-manger-le-jour-de-la-fete-des-peres-a-tenerife\/#primaryimage\"},\"thumbnailUrl\":\"https:\/\/elrincondepancho.com\/wp-content\/uploads\/2025\/02\/\u00bfDonde-comer-el-Dia-del-Padre_-Disfruta-de-las-mejores-tapas-en-Los-Cristianos-Tenerife.jpg\",\"datePublished\":\"2025-02-13T11:32:00+00:00\",\"dateModified\":\"2025-09-10T11:48:03+00:00\",\"description\":\"Venez dans notre restaurant \u00e0 Los Cristianos, Tenerife. D\u00e9couvrez les meilleures tapas et profitez sans souci de l'endroit o\u00f9 manger le jour de la f\u00eate des p\u00e8res\",\"breadcrumb\":{\"@id\":\"https:\/\/elrincondepancho.com\/fr\/2025\/02\/13\/ou-manger-le-jour-de-la-fete-des-peres-a-tenerife\/#breadcrumb\"},\"inLanguage\":\"fr-FR\",\"potentialAction\":[{\"@type\":\"ReadAction\",\"target\":[\"https:\/\/elrincondepancho.com\/fr\/2025\/02\/13\/ou-manger-le-jour-de-la-fete-des-peres-a-tenerife\/\"]}]},{\"@type\":\"ImageObject\",\"inLanguage\":\"fr-FR\",\"@id\":\"https:\/\/elrincondepancho.com\/fr\/2025\/02\/13\/ou-manger-le-jour-de-la-fete-des-peres-a-tenerife\/#primaryimage\",\"url\":\"https:\/\/elrincondepancho.com\/wp-content\/uploads\/2025\/02\/\u00bfDonde-comer-el-Dia-del-Padre_-Disfruta-de-las-mejores-tapas-en-Los-Cristianos-Tenerife.jpg\",\"contentUrl\":\"https:\/\/elrincondepancho.com\/wp-content\/uploads\/2025\/02\/\u00bfDonde-comer-el-Dia-del-Padre_-Disfruta-de-las-mejores-tapas-en-Los-Cristianos-Tenerife.jpg\",\"width\":1240,\"height\":600,\"caption\":\"\u00bfD\u00f3nde comer el D\u00eda del Padre_ Disfruta de las mejores tapas en Los Cristianos, Tenerife\"},{\"@type\":\"BreadcrumbList\",\"@id\":\"https:\/\/elrincondepancho.com\/fr\/2025\/02\/13\/ou-manger-le-jour-de-la-fete-des-peres-a-tenerife\/#breadcrumb\",\"itemListElement\":[{\"@type\":\"ListItem\",\"position\":1,\"name\":\"Portada\",\"item\":\"https:\/\/elrincondepancho.com\/fr\/\"},{\"@type\":\"ListItem\",\"position\":2,\"name\":\"O\u00f9 manger le jour de la f\u00eate des p\u00e8res \u00e0 Tenerife ?\"}]},{\"@type\":\"WebSite\",\"@id\":\"https:\/\/elrincondepancho.com\/#website\",\"url\":\"https:\/\/elrincondepancho.com\/\",\"name\":\"El Rinc\u00f3n de Pancho\",\"description\":\"Restaurante en Tenerife\",\"publisher\":{\"@id\":\"https:\/\/elrincondepancho.com\/#organization\"},\"potentialAction\":[{\"@type\":\"SearchAction\",\"target\":{\"@type\":\"EntryPoint\",\"urlTemplate\":\"https:\/\/elrincondepancho.com\/?s={search_term_string}\"},\"query-input\":{\"@type\":\"PropertyValueSpecification\",\"valueRequired\":true,\"valueName\":\"search_term_string\"}}],\"inLanguage\":\"fr-FR\"},{\"@type\":[\"Organization\",\"Place\",\"Restaurant\"],\"@id\":\"https:\/\/elrincondepancho.com\/#organization\",\"name\":\"El Rinc\u00f3n de Pancho\",\"url\":\"https:\/\/elrincondepancho.com\/\",\"logo\":{\"@id\":\"https:\/\/elrincondepancho.com\/fr\/2025\/02\/13\/ou-manger-le-jour-de-la-fete-des-peres-a-tenerife\/#local-main-organization-logo\"},\"image\":{\"@id\":\"https:\/\/elrincondepancho.com\/fr\/2025\/02\/13\/ou-manger-le-jour-de-la-fete-des-peres-a-tenerife\/#local-main-organization-logo\"},\"address\":{\"@id\":\"https:\/\/elrincondepancho.com\/fr\/2025\/02\/13\/ou-manger-le-jour-de-la-fete-des-peres-a-tenerife\/#local-main-place-address\"},\"geo\":{\"@type\":\"GeoCoordinates\",\"latitude\":\"28.0518515\",\"longitude\":\"-16.716028817\"},\"telephone\":[\"922 78 73 93\"],\"contactPoint\":{\"@type\":\"ContactPoint\",\"telephone\":\"922 78 73 93\",\"email\":\"info@elrincondepancho.com\"},\"openingHoursSpecification\":[{\"@type\":\"OpeningHoursSpecification\",\"dayOfWeek\":[\"Monday\",\"Tuesday\",\"Wednesday\",\"Thursday\",\"Friday\",\"Saturday\",\"Sunday\"],\"opens\":\"09:00\",\"closes\":\"17:00\"}],\"email\":\"info@elrincondepancho.com\",\"areaServed\":\"Los Cristianos, Tenerife\"},{\"@type\":\"Person\",\"@id\":\"https:\/\/elrincondepancho.com\/#\/schema\/person\/bfa0b977f2886f51b258b0453c49b5ee\",\"name\":\"alana\",\"image\":{\"@type\":\"ImageObject\",\"inLanguage\":\"fr-FR\",\"@id\":\"https:\/\/elrincondepancho.com\/#\/schema\/person\/image\/\",\"url\":\"https:\/\/secure.gravatar.com\/avatar\/8e0c6266115797b0e6b6e0646ba9fab4dede49eea37380997f57ed77e86d5daf?s=96&d=mm&r=g\",\"contentUrl\":\"https:\/\/secure.gravatar.com\/avatar\/8e0c6266115797b0e6b6e0646ba9fab4dede49eea37380997f57ed77e86d5daf?s=96&d=mm&r=g\",\"caption\":\"alana\"},\"sameAs\":[\"https:\/\/elrincondepancho.com\"]},{\"@type\":\"PostalAddress\",\"@id\":\"https:\/\/elrincondepancho.com\/fr\/2025\/02\/13\/ou-manger-le-jour-de-la-fete-des-peres-a-tenerife\/#local-main-place-address\",\"streetAddress\":\"C. del Valle Men\u00e9ndez, 20, 38650 Los Cristianos, Santa Cruz de Tenerife\",\"addressLocality\":\"Los Cristianos\",\"postalCode\":\"38650\",\"addressRegion\":\"Santa Cruz de Tenerife\",\"addressCountry\":\"ES\"},{\"@type\":\"ImageObject\",\"inLanguage\":\"fr-FR\",\"@id\":\"https:\/\/elrincondepancho.com\/fr\/2025\/02\/13\/ou-manger-le-jour-de-la-fete-des-peres-a-tenerife\/#local-main-organization-logo\",\"url\":\"https:\/\/elrincondepancho.com\/wp-content\/uploads\/2021\/12\/elrincondepancho512.png\",\"contentUrl\":\"https:\/\/elrincondepancho.com\/wp-content\/uploads\/2021\/12\/elrincondepancho512.png\",\"width\":512,\"height\":512,\"caption\":\"El Rinc\u00f3n de Pancho\"}]}<\/script>\n<meta name=\"geo.placename\" content=\"Los Cristianos\" \/>\n<meta name=\"geo.position\" content=\"28.0518515;-16.716028817\" \/>\n<meta name=\"geo.region\" content=\"Espagne\" \/>\n<!-- \/ Yoast SEO Premium plugin. -->","yoast_head_json":{"title":"O\u00f9 manger le jour de la f\u00eate des p\u00e8res \u00e0 Tenerife ? - El Rinc\u00f3n de Pancho","description":"Venez dans notre restaurant \u00e0 Los Cristianos, Tenerife. D\u00e9couvrez les meilleures tapas et profitez sans souci de l'endroit o\u00f9 manger le jour de la f\u00eate des p\u00e8res","robots":{"index":"index","follow":"follow","max-snippet":"max-snippet:-1","max-image-preview":"max-image-preview:large","max-video-preview":"max-video-preview:-1"},"canonical":"https:\/\/elrincondepancho.com\/fr\/2025\/02\/13\/ou-manger-le-jour-de-la-fete-des-peres-a-tenerife\/","og_locale":"fr_FR","og_type":"article","og_title":"O\u00f9 manger le jour de la f\u00eate des p\u00e8res \u00e0 Tenerife ?","og_description":"Venez dans notre restaurant \u00e0 Los Cristianos, Tenerife. D\u00e9couvrez les meilleures tapas et profitez sans souci de l'endroit o\u00f9 manger le jour de la f\u00eate des p\u00e8res","og_url":"https:\/\/elrincondepancho.com\/fr\/2025\/02\/13\/ou-manger-le-jour-de-la-fete-des-peres-a-tenerife\/","og_site_name":"El Rinc\u00f3n de Pancho","article_published_time":"2025-02-13T11:32:00+00:00","article_modified_time":"2025-09-10T11:48:03+00:00","og_image":[{"width":1240,"height":600,"url":"https:\/\/elrincondepancho.com\/wp-content\/uploads\/2025\/02\/\u00bfDonde-comer-el-Dia-del-Padre_-Disfruta-de-las-mejores-tapas-en-Los-Cristianos-Tenerife.jpg","type":"image\/jpeg"}],"author":"alana","twitter_card":"summary_large_image","twitter_misc":{"\u00c9crit par":"alana","Dur\u00e9e de lecture estim\u00e9e":"3 minutes"},"schema":{"@context":"https:\/\/schema.org","@graph":[{"@type":"Article","@id":"https:\/\/elrincondepancho.com\/fr\/2025\/02\/13\/ou-manger-le-jour-de-la-fete-des-peres-a-tenerife\/#article","isPartOf":{"@id":"https:\/\/elrincondepancho.com\/fr\/2025\/02\/13\/ou-manger-le-jour-de-la-fete-des-peres-a-tenerife\/"},"author":{"name":"alana","@id":"https:\/\/elrincondepancho.com\/#\/schema\/person\/bfa0b977f2886f51b258b0453c49b5ee"},"headline":"O\u00f9 manger le jour de la f\u00eate des p\u00e8res \u00e0 Tenerife ?","datePublished":"2025-02-13T11:32:00+00:00","dateModified":"2025-09-10T11:48:03+00:00","mainEntityOfPage":{"@id":"https:\/\/elrincondepancho.com\/fr\/2025\/02\/13\/ou-manger-le-jour-de-la-fete-des-peres-a-tenerife\/"},"wordCount":442,"publisher":{"@id":"https:\/\/elrincondepancho.com\/#organization"},"image":{"@id":"https:\/\/elrincondepancho.com\/fr\/2025\/02\/13\/ou-manger-le-jour-de-la-fete-des-peres-a-tenerife\/#primaryimage"},"thumbnailUrl":"https:\/\/elrincondepancho.com\/wp-content\/uploads\/2025\/02\/\u00bfDonde-comer-el-Dia-del-Padre_-Disfruta-de-las-mejores-tapas-en-Los-Cristianos-Tenerife.jpg","articleSection":["Tapas \u00e0 Tenerife"],"inLanguage":"fr-FR"},{"@type":"WebPage","@id":"https:\/\/elrincondepancho.com\/fr\/2025\/02\/13\/ou-manger-le-jour-de-la-fete-des-peres-a-tenerife\/","url":"https:\/\/elrincondepancho.com\/fr\/2025\/02\/13\/ou-manger-le-jour-de-la-fete-des-peres-a-tenerife\/","name":"O\u00f9 manger le jour de la f\u00eate des p\u00e8res \u00e0 Tenerife ? - El Rinc\u00f3n de Pancho","isPartOf":{"@id":"https:\/\/elrincondepancho.com\/#website"},"primaryImageOfPage":{"@id":"https:\/\/elrincondepancho.com\/fr\/2025\/02\/13\/ou-manger-le-jour-de-la-fete-des-peres-a-tenerife\/#primaryimage"},"image":{"@id":"https:\/\/elrincondepancho.com\/fr\/2025\/02\/13\/ou-manger-le-jour-de-la-fete-des-peres-a-tenerife\/#primaryimage"},"thumbnailUrl":"https:\/\/elrincondepancho.com\/wp-content\/uploads\/2025\/02\/\u00bfDonde-comer-el-Dia-del-Padre_-Disfruta-de-las-mejores-tapas-en-Los-Cristianos-Tenerife.jpg","datePublished":"2025-02-13T11:32:00+00:00","dateModified":"2025-09-10T11:48:03+00:00","description":"Venez dans notre restaurant \u00e0 Los Cristianos, Tenerife. D\u00e9couvrez les meilleures tapas et profitez sans souci de l'endroit o\u00f9 manger le jour de la f\u00eate des p\u00e8res","breadcrumb":{"@id":"https:\/\/elrincondepancho.com\/fr\/2025\/02\/13\/ou-manger-le-jour-de-la-fete-des-peres-a-tenerife\/#breadcrumb"},"inLanguage":"fr-FR","potentialAction":[{"@type":"ReadAction","target":["https:\/\/elrincondepancho.com\/fr\/2025\/02\/13\/ou-manger-le-jour-de-la-fete-des-peres-a-tenerife\/"]}]},{"@type":"ImageObject","inLanguage":"fr-FR","@id":"https:\/\/elrincondepancho.com\/fr\/2025\/02\/13\/ou-manger-le-jour-de-la-fete-des-peres-a-tenerife\/#primaryimage","url":"https:\/\/elrincondepancho.com\/wp-content\/uploads\/2025\/02\/\u00bfDonde-comer-el-Dia-del-Padre_-Disfruta-de-las-mejores-tapas-en-Los-Cristianos-Tenerife.jpg","contentUrl":"https:\/\/elrincondepancho.com\/wp-content\/uploads\/2025\/02\/\u00bfDonde-comer-el-Dia-del-Padre_-Disfruta-de-las-mejores-tapas-en-Los-Cristianos-Tenerife.jpg","width":1240,"height":600,"caption":"\u00bfD\u00f3nde comer el D\u00eda del Padre_ Disfruta de las mejores tapas en Los Cristianos, Tenerife"},{"@type":"BreadcrumbList","@id":"https:\/\/elrincondepancho.com\/fr\/2025\/02\/13\/ou-manger-le-jour-de-la-fete-des-peres-a-tenerife\/#breadcrumb","itemListElement":[{"@type":"ListItem","position":1,"name":"Portada","item":"https:\/\/elrincondepancho.com\/fr\/"},{"@type":"ListItem","position":2,"name":"O\u00f9 manger le jour de la f\u00eate des p\u00e8res \u00e0 Tenerife ?"}]},{"@type":"WebSite","@id":"https:\/\/elrincondepancho.com\/#website","url":"https:\/\/elrincondepancho.com\/","name":"El Rinc\u00f3n de Pancho","description":"Restaurante en Tenerife","publisher":{"@id":"https:\/\/elrincondepancho.com\/#organization"},"potentialAction":[{"@type":"SearchAction","target":{"@type":"EntryPoint","urlTemplate":"https:\/\/elrincondepancho.com\/?s={search_term_string}"},"query-input":{"@type":"PropertyValueSpecification","valueRequired":true,"valueName":"search_term_string"}}],"inLanguage":"fr-FR"},{"@type":["Organization","Place","Restaurant"],"@id":"https:\/\/elrincondepancho.com\/#organization","name":"El Rinc\u00f3n de Pancho","url":"https:\/\/elrincondepancho.com\/","logo":{"@id":"https:\/\/elrincondepancho.com\/fr\/2025\/02\/13\/ou-manger-le-jour-de-la-fete-des-peres-a-tenerife\/#local-main-organization-logo"},"image":{"@id":"https:\/\/elrincondepancho.com\/fr\/2025\/02\/13\/ou-manger-le-jour-de-la-fete-des-peres-a-tenerife\/#local-main-organization-logo"},"address":{"@id":"https:\/\/elrincondepancho.com\/fr\/2025\/02\/13\/ou-manger-le-jour-de-la-fete-des-peres-a-tenerife\/#local-main-place-address"},"geo":{"@type":"GeoCoordinates","latitude":"28.0518515","longitude":"-16.716028817"},"telephone":["922 78 73 93"],"contactPoint":{"@type":"ContactPoint","telephone":"922 78 73 93","email":"info@elrincondepancho.com"},"openingHoursSpecification":[{"@type":"OpeningHoursSpecification","dayOfWeek":["Monday","Tuesday","Wednesday","Thursday","Friday","Saturday","Sunday"],"opens":"09:00","closes":"17:00"}],"email":"info@elrincondepancho.com","areaServed":"Los Cristianos, Tenerife"},{"@type":"Person","@id":"https:\/\/elrincondepancho.com\/#\/schema\/person\/bfa0b977f2886f51b258b0453c49b5ee","name":"alana","image":{"@type":"ImageObject","inLanguage":"fr-FR","@id":"https:\/\/elrincondepancho.com\/#\/schema\/person\/image\/","url":"https:\/\/secure.gravatar.com\/avatar\/8e0c6266115797b0e6b6e0646ba9fab4dede49eea37380997f57ed77e86d5daf?s=96&d=mm&r=g","contentUrl":"https:\/\/secure.gravatar.com\/avatar\/8e0c6266115797b0e6b6e0646ba9fab4dede49eea37380997f57ed77e86d5daf?s=96&d=mm&r=g","caption":"alana"},"sameAs":["https:\/\/elrincondepancho.com"]},{"@type":"PostalAddress","@id":"https:\/\/elrincondepancho.com\/fr\/2025\/02\/13\/ou-manger-le-jour-de-la-fete-des-peres-a-tenerife\/#local-main-place-address","streetAddress":"C. del Valle Men\u00e9ndez, 20, 38650 Los Cristianos, Santa Cruz de Tenerife","addressLocality":"Los Cristianos","postalCode":"38650","addressRegion":"Santa Cruz de Tenerife","addressCountry":"ES"},{"@type":"ImageObject","inLanguage":"fr-FR","@id":"https:\/\/elrincondepancho.com\/fr\/2025\/02\/13\/ou-manger-le-jour-de-la-fete-des-peres-a-tenerife\/#local-main-organization-logo","url":"https:\/\/elrincondepancho.com\/wp-content\/uploads\/2021\/12\/elrincondepancho512.png","contentUrl":"https:\/\/elrincondepancho.com\/wp-content\/uploads\/2021\/12\/elrincondepancho512.png","width":512,"height":512,"caption":"El Rinc\u00f3n de Pancho"}]},"geo.placename":"Los Cristianos","geo.position":{"lat":"28.0518515","long":"-16.716028817"},"geo.region":"Espagne"},"_links":{"self":[{"href":"https:\/\/elrincondepancho.com\/fr\/wp-json\/wp\/v2\/posts\/1638","targetHints":{"allow":["GET"]}}],"collection":[{"href":"https:\/\/elrincondepancho.com\/fr\/wp-json\/wp\/v2\/posts"}],"about":[{"href":"https:\/\/elrincondepancho.com\/fr\/wp-json\/wp\/v2\/types\/post"}],"author":[{"embeddable":true,"href":"https:\/\/elrincondepancho.com\/fr\/wp-json\/wp\/v2\/users\/1"}],"replies":[{"embeddable":true,"href":"https:\/\/elrincondepancho.com\/fr\/wp-json\/wp\/v2\/comments?post=1638"}],"version-history":[{"count":1,"href":"https:\/\/elrincondepancho.com\/fr\/wp-json\/wp\/v2\/posts\/1638\/revisions"}],"predecessor-version":[{"id":1640,"href":"https:\/\/elrincondepancho.com\/fr\/wp-json\/wp\/v2\/posts\/1638\/revisions\/1640"}],"wp:featuredmedia":[{"embeddable":true,"href":"https:\/\/elrincondepancho.com\/fr\/wp-json\/wp\/v2\/media\/1633"}],"wp:attachment":[{"href":"https:\/\/elrincondepancho.com\/fr\/wp-json\/wp\/v2\/media?parent=1638"}],"wp:term":[{"taxonomy":"category","embeddable":true,"href":"https:\/\/elrincondepancho.com\/fr\/wp-json\/wp\/v2\/categories?post=1638"},{"taxonomy":"post_tag","embeddable":true,"href":"https:\/\/elrincondepancho.com\/fr\/wp-json\/wp\/v2\/tags?post=1638"}],"curies":[{"name":"wp","href":"https:\/\/api.w.org\/{rel}","templated":true}]}}