{"id":1672,"date":"2025-04-16T13:37:25","date_gmt":"2025-04-16T13:37:25","guid":{"rendered":"https:\/\/elrincondepancho.com\/?p=1672"},"modified":"2025-08-26T13:33:37","modified_gmt":"2025-08-26T13:33:37","slug":"ou-manger-le-jour-de-la-fete-des-meres-a-tenerife","status":"publish","type":"post","link":"https:\/\/elrincondepancho.com\/fr\/2025\/04\/16\/ou-manger-le-jour-de-la-fete-des-meres-a-tenerife\/","title":{"rendered":"O\u00f9 manger le jour de la f\u00eate des m\u00e8res \u00e0 Tenerife ?"},"content":{"rendered":"<p>La F\u00eate des M\u00e8res est l&rsquo;occasion id\u00e9ale pour c\u00e9l\u00e9brer en famille, remercier et partager des moments inoubliables. Si tu cherches <strong>o\u00f9 manger pour la F\u00eate des M\u00e8res \u00e0 Tenerife<\/strong>, nous avons le plan parfait : un d\u00e9licieux repas dans une ambiance chaleureuse, avec des plats qui font fondre de plaisir et un accueil familial qui fera sentir maman comme \u00e0 la maison.<\/p>\n<p><img loading=\"lazy\" decoding=\"async\" class=\"size-medium wp-image-261 alignright\" src=\"https:\/\/elrincondepancho.com\/wp-content\/uploads\/2021\/12\/queso-asado-con-dos-mojos-300x231.jpg\" alt=\"tapas \u00e0 Tenerife\" width=\"300\" height=\"231\" srcset=\"https:\/\/elrincondepancho.com\/wp-content\/uploads\/2021\/12\/queso-asado-con-dos-mojos-300x231.jpg 300w, https:\/\/elrincondepancho.com\/wp-content\/uploads\/2021\/12\/queso-asado-con-dos-mojos-1024x789.jpg 1024w, https:\/\/elrincondepancho.com\/wp-content\/uploads\/2021\/12\/queso-asado-con-dos-mojos-768x592.jpg 768w, https:\/\/elrincondepancho.com\/wp-content\/uploads\/2021\/12\/queso-asado-con-dos-mojos.jpg 1402w\" sizes=\"auto, (max-width: 300px) 100vw, 300px\" \/>Depuis 2014, notre restaurant, une entreprise familiale de c\u0153ur, offre <strong>la meilleure qualit\u00e9 au meilleur prix<\/strong>. Ici, on ne fait pas que bien manger, on savoure chaque moment. Notre \u00e9quipe met tout son amour et son professionnalisme dans chaque d\u00e9tail pour que chaque visite soit unique.<\/p>\n<p>Pour c\u00e9l\u00e9brer cette journ\u00e9e, nous te proposons une exp\u00e9rience de tapas inoubliable. Pourquoi choisir un seul plat quand tu peux go\u00fbter \u00e0 plusieurs saveurs ? Nos <strong>pommes de terre rid\u00e9es avec mojo<\/strong>, le fromage grill\u00e9 ou les <strong>crevettes en tempura noire<\/strong> sont parfaits \u00e0 partager en bonne compagnie. Si tu pr\u00e9f\u00e8res quelque chose de frais, essaie la salade exotique ou le millefeuille d\u2019avocat et crevettes, une combinaison surprenante qui s\u00e9duit toujours.<\/p>\n<p>Et pour les amateurs de saveurs marines ? Le poulpe \u00e0 la canarienne, le <strong>poulpe Pancho<\/strong> ou la <strong>morue frite \u00e0 l\u2019ananas<\/strong> sont des options qui nourrissent autant qu\u2019elles \u00e9veillent les \u00e9motions. Tu peux aussi opter pour le saumon au cava ou la morue aux oignons, deux plats qui allient tradition et cr\u00e9ativit\u00e9.<\/p>\n<p>Si tu es plut\u00f4t viande, ne manque pas le <strong>filet de b\u0153uf du chef<\/strong>, le <strong>rumsteck<\/strong> ou l\u2019irr\u00e9sistible <strong>entrec\u00f4te d\u00e9coup\u00e9e<\/strong>, tous pr\u00e9par\u00e9s \u00e0 la minute avec des ingr\u00e9dients de premi\u00e8re qualit\u00e9.<br \/>\n<img loading=\"lazy\" decoding=\"async\" class=\"size-medium wp-image-928 alignright\" src=\"https:\/\/elrincondepancho.com\/wp-content\/uploads\/2021\/12\/solomillo-a-la-parrilla-300x231.jpg\" alt=\"\" width=\"300\" height=\"231\" srcset=\"https:\/\/elrincondepancho.com\/wp-content\/uploads\/2021\/12\/solomillo-a-la-parrilla-300x231.jpg 300w, https:\/\/elrincondepancho.com\/wp-content\/uploads\/2021\/12\/solomillo-a-la-parrilla-1024x789.jpg 1024w, https:\/\/elrincondepancho.com\/wp-content\/uploads\/2021\/12\/solomillo-a-la-parrilla-768x592.jpg 768w, https:\/\/elrincondepancho.com\/wp-content\/uploads\/2021\/12\/solomillo-a-la-parrilla.jpg 1402w\" sizes=\"auto, (max-width: 300px) 100vw, 300px\" \/><\/p>\n<p>En plus, nous t\u2019aidons \u00e0 choisir ce qui correspond le mieux \u00e0 tes go\u00fbts. Notre objectif est que chaque membre de la famille profite d\u2019un repas authentique et savoureux.<\/p>\n<p>Alors maintenant tu sais, si tu te demandes <strong>o\u00f9 manger pour la F\u00eate des M\u00e8res \u00e0 Tenerife<\/strong>, viens f\u00eater avec nous. Une ambiance chaleureuse, une cuisine d\u00e9licieuse et une \u00e9quipe qui te fera sentir comme \u00e0 la maison.<\/p>\n<p><strong><a href=\"https:\/\/elrincondepancho.com\/#contacto\">R\u00e9serve d\u00e8s maintenant et surprends maman avec une exp\u00e9rience gastronomique inoubliable !<\/a><\/strong><\/p>\n","protected":false},"excerpt":{"rendered":"<p>La F\u00eate des M\u00e8res est l&rsquo;occasion id\u00e9ale pour c\u00e9l\u00e9brer en famille, remercier et partager des moments inoubliables. Si tu cherches o\u00f9 manger pour la F\u00eate des M\u00e8res \u00e0 Tenerife, nous avons le plan parfait : un d\u00e9licieux repas dans une ambiance chaleureuse, avec des plats qui font fondre de plaisir et un accueil familial qui<span class=\"read_more_area\"><a class=\"read-more\" href=\"https:\/\/elrincondepancho.com\/fr\/2025\/04\/16\/ou-manger-le-jour-de-la-fete-des-meres-a-tenerife\/\"> Continue Reading <\/a><\/span><\/p>\n","protected":false},"author":1,"featured_media":1665,"comment_status":"closed","ping_status":"closed","sticky":false,"template":"","format":"standard","meta":{"footnotes":""},"categories":[39],"tags":[],"class_list":["post-1672","post","type-post","status-publish","format-standard","has-post-thumbnail","hentry","category-tapas-a-tenerife"],"yoast_head":"<!-- This site is optimized with the Yoast SEO Premium plugin v26.2 (Yoast SEO v26.2) - https:\/\/yoast.com\/wordpress\/plugins\/seo\/ -->\n<title>O\u00f9 manger le jour de la f\u00eate des m\u00e8res \u00e0 Tenerife ? - El Rinc\u00f3n de Pancho<\/title>\n<meta name=\"description\" content=\"O\u00f9 manger pour la f\u00eate des m\u00e8res \u00e0 Tenerife ? Surprenez votre maman avec des tapas, de la viande et du poisson dans une ambiance familiale et conviviale\" \/>\n<meta name=\"robots\" content=\"index, follow, max-snippet:-1, max-image-preview:large, max-video-preview:-1\" \/>\n<link rel=\"canonical\" href=\"https:\/\/elrincondepancho.com\/fr\/2025\/04\/16\/ou-manger-le-jour-de-la-fete-des-meres-a-tenerife\/\" \/>\n<meta property=\"og:locale\" content=\"fr_FR\" \/>\n<meta property=\"og:type\" content=\"article\" \/>\n<meta property=\"og:title\" content=\"O\u00f9 manger le jour de la f\u00eate des m\u00e8res \u00e0 Tenerife ?\" \/>\n<meta property=\"og:description\" content=\"O\u00f9 manger pour la f\u00eate des m\u00e8res \u00e0 Tenerife ? Surprenez votre maman avec des tapas, de la viande et du poisson dans une ambiance familiale et conviviale\" \/>\n<meta property=\"og:url\" content=\"https:\/\/elrincondepancho.com\/fr\/2025\/04\/16\/ou-manger-le-jour-de-la-fete-des-meres-a-tenerife\/\" \/>\n<meta property=\"og:site_name\" content=\"El Rinc\u00f3n de Pancho\" \/>\n<meta property=\"article:published_time\" content=\"2025-04-16T13:37:25+00:00\" \/>\n<meta property=\"article:modified_time\" content=\"2025-08-26T13:33:37+00:00\" \/>\n<meta property=\"og:image\" content=\"https:\/\/elrincondepancho.com\/wp-content\/uploads\/2025\/04\/\u00bfDonde-comer-el-Dia-de-la-Madre-en-Tenerife-Restaurante-en-Los-Cristianos-Tenerife.jpg\" \/>\n\t<meta property=\"og:image:width\" content=\"1240\" \/>\n\t<meta property=\"og:image:height\" content=\"600\" \/>\n\t<meta property=\"og:image:type\" content=\"image\/jpeg\" \/>\n<meta name=\"author\" content=\"alana\" \/>\n<meta name=\"twitter:card\" content=\"summary_large_image\" \/>\n<meta name=\"twitter:label1\" content=\"\u00c9crit par\" \/>\n\t<meta name=\"twitter:data1\" content=\"alana\" \/>\n\t<meta name=\"twitter:label2\" content=\"Dur\u00e9e de lecture estim\u00e9e\" \/>\n\t<meta name=\"twitter:data2\" content=\"3 minutes\" \/>\n<script type=\"application\/ld+json\" class=\"yoast-schema-graph\">{\"@context\":\"https:\/\/schema.org\",\"@graph\":[{\"@type\":\"Article\",\"@id\":\"https:\/\/elrincondepancho.com\/fr\/2025\/04\/16\/ou-manger-le-jour-de-la-fete-des-meres-a-tenerife\/#article\",\"isPartOf\":{\"@id\":\"https:\/\/elrincondepancho.com\/fr\/2025\/04\/16\/ou-manger-le-jour-de-la-fete-des-meres-a-tenerife\/\"},\"author\":{\"name\":\"alana\",\"@id\":\"https:\/\/elrincondepancho.com\/#\/schema\/person\/bfa0b977f2886f51b258b0453c49b5ee\"},\"headline\":\"O\u00f9 manger le jour de la f\u00eate des m\u00e8res \u00e0 Tenerife ?\",\"datePublished\":\"2025-04-16T13:37:25+00:00\",\"dateModified\":\"2025-08-26T13:33:37+00:00\",\"mainEntityOfPage\":{\"@id\":\"https:\/\/elrincondepancho.com\/fr\/2025\/04\/16\/ou-manger-le-jour-de-la-fete-des-meres-a-tenerife\/\"},\"wordCount\":383,\"publisher\":{\"@id\":\"https:\/\/elrincondepancho.com\/#organization\"},\"image\":{\"@id\":\"https:\/\/elrincondepancho.com\/fr\/2025\/04\/16\/ou-manger-le-jour-de-la-fete-des-meres-a-tenerife\/#primaryimage\"},\"thumbnailUrl\":\"https:\/\/elrincondepancho.com\/wp-content\/uploads\/2025\/04\/\u00bfDonde-comer-el-Dia-de-la-Madre-en-Tenerife-Restaurante-en-Los-Cristianos-Tenerife.jpg\",\"articleSection\":[\"Tapas \u00e0 Tenerife\"],\"inLanguage\":\"fr-FR\"},{\"@type\":\"WebPage\",\"@id\":\"https:\/\/elrincondepancho.com\/fr\/2025\/04\/16\/ou-manger-le-jour-de-la-fete-des-meres-a-tenerife\/\",\"url\":\"https:\/\/elrincondepancho.com\/fr\/2025\/04\/16\/ou-manger-le-jour-de-la-fete-des-meres-a-tenerife\/\",\"name\":\"O\u00f9 manger le jour de la f\u00eate des m\u00e8res \u00e0 Tenerife ? - El Rinc\u00f3n de Pancho\",\"isPartOf\":{\"@id\":\"https:\/\/elrincondepancho.com\/#website\"},\"primaryImageOfPage\":{\"@id\":\"https:\/\/elrincondepancho.com\/fr\/2025\/04\/16\/ou-manger-le-jour-de-la-fete-des-meres-a-tenerife\/#primaryimage\"},\"image\":{\"@id\":\"https:\/\/elrincondepancho.com\/fr\/2025\/04\/16\/ou-manger-le-jour-de-la-fete-des-meres-a-tenerife\/#primaryimage\"},\"thumbnailUrl\":\"https:\/\/elrincondepancho.com\/wp-content\/uploads\/2025\/04\/\u00bfDonde-comer-el-Dia-de-la-Madre-en-Tenerife-Restaurante-en-Los-Cristianos-Tenerife.jpg\",\"datePublished\":\"2025-04-16T13:37:25+00:00\",\"dateModified\":\"2025-08-26T13:33:37+00:00\",\"description\":\"O\u00f9 manger pour la f\u00eate des m\u00e8res \u00e0 Tenerife ? Surprenez votre maman avec des tapas, de la viande et du poisson dans une ambiance familiale et conviviale\",\"breadcrumb\":{\"@id\":\"https:\/\/elrincondepancho.com\/fr\/2025\/04\/16\/ou-manger-le-jour-de-la-fete-des-meres-a-tenerife\/#breadcrumb\"},\"inLanguage\":\"fr-FR\",\"potentialAction\":[{\"@type\":\"ReadAction\",\"target\":[\"https:\/\/elrincondepancho.com\/fr\/2025\/04\/16\/ou-manger-le-jour-de-la-fete-des-meres-a-tenerife\/\"]}]},{\"@type\":\"ImageObject\",\"inLanguage\":\"fr-FR\",\"@id\":\"https:\/\/elrincondepancho.com\/fr\/2025\/04\/16\/ou-manger-le-jour-de-la-fete-des-meres-a-tenerife\/#primaryimage\",\"url\":\"https:\/\/elrincondepancho.com\/wp-content\/uploads\/2025\/04\/\u00bfDonde-comer-el-Dia-de-la-Madre-en-Tenerife-Restaurante-en-Los-Cristianos-Tenerife.jpg\",\"contentUrl\":\"https:\/\/elrincondepancho.com\/wp-content\/uploads\/2025\/04\/\u00bfDonde-comer-el-Dia-de-la-Madre-en-Tenerife-Restaurante-en-Los-Cristianos-Tenerife.jpg\",\"width\":1240,\"height\":600,\"caption\":\"\u00bfD\u00f3nde comer el D\u00eda de la Madre en Tenerife - Restaurante en Los Cristianos, Tenerife\"},{\"@type\":\"BreadcrumbList\",\"@id\":\"https:\/\/elrincondepancho.com\/fr\/2025\/04\/16\/ou-manger-le-jour-de-la-fete-des-meres-a-tenerife\/#breadcrumb\",\"itemListElement\":[{\"@type\":\"ListItem\",\"position\":1,\"name\":\"Portada\",\"item\":\"https:\/\/elrincondepancho.com\/fr\/\"},{\"@type\":\"ListItem\",\"position\":2,\"name\":\"O\u00f9 manger le jour de la f\u00eate des m\u00e8res \u00e0 Tenerife ?\"}]},{\"@type\":\"WebSite\",\"@id\":\"https:\/\/elrincondepancho.com\/#website\",\"url\":\"https:\/\/elrincondepancho.com\/\",\"name\":\"El Rinc\u00f3n de Pancho\",\"description\":\"Restaurante en Tenerife\",\"publisher\":{\"@id\":\"https:\/\/elrincondepancho.com\/#organization\"},\"potentialAction\":[{\"@type\":\"SearchAction\",\"target\":{\"@type\":\"EntryPoint\",\"urlTemplate\":\"https:\/\/elrincondepancho.com\/?s={search_term_string}\"},\"query-input\":{\"@type\":\"PropertyValueSpecification\",\"valueRequired\":true,\"valueName\":\"search_term_string\"}}],\"inLanguage\":\"fr-FR\"},{\"@type\":[\"Organization\",\"Place\",\"Restaurant\"],\"@id\":\"https:\/\/elrincondepancho.com\/#organization\",\"name\":\"El Rinc\u00f3n de Pancho\",\"url\":\"https:\/\/elrincondepancho.com\/\",\"logo\":{\"@id\":\"https:\/\/elrincondepancho.com\/fr\/2025\/04\/16\/ou-manger-le-jour-de-la-fete-des-meres-a-tenerife\/#local-main-organization-logo\"},\"image\":{\"@id\":\"https:\/\/elrincondepancho.com\/fr\/2025\/04\/16\/ou-manger-le-jour-de-la-fete-des-meres-a-tenerife\/#local-main-organization-logo\"},\"address\":{\"@id\":\"https:\/\/elrincondepancho.com\/fr\/2025\/04\/16\/ou-manger-le-jour-de-la-fete-des-meres-a-tenerife\/#local-main-place-address\"},\"geo\":{\"@type\":\"GeoCoordinates\",\"latitude\":\"28.0518515\",\"longitude\":\"-16.716028817\"},\"telephone\":[\"922 78 73 93\"],\"contactPoint\":{\"@type\":\"ContactPoint\",\"telephone\":\"922 78 73 93\",\"email\":\"info@elrincondepancho.com\"},\"openingHoursSpecification\":[{\"@type\":\"OpeningHoursSpecification\",\"dayOfWeek\":[\"Monday\",\"Tuesday\",\"Wednesday\",\"Thursday\",\"Friday\",\"Saturday\",\"Sunday\"],\"opens\":\"09:00\",\"closes\":\"17:00\"}],\"email\":\"info@elrincondepancho.com\",\"areaServed\":\"Los Cristianos, Tenerife\"},{\"@type\":\"Person\",\"@id\":\"https:\/\/elrincondepancho.com\/#\/schema\/person\/bfa0b977f2886f51b258b0453c49b5ee\",\"name\":\"alana\",\"image\":{\"@type\":\"ImageObject\",\"inLanguage\":\"fr-FR\",\"@id\":\"https:\/\/elrincondepancho.com\/#\/schema\/person\/image\/\",\"url\":\"https:\/\/secure.gravatar.com\/avatar\/8e0c6266115797b0e6b6e0646ba9fab4dede49eea37380997f57ed77e86d5daf?s=96&d=mm&r=g\",\"contentUrl\":\"https:\/\/secure.gravatar.com\/avatar\/8e0c6266115797b0e6b6e0646ba9fab4dede49eea37380997f57ed77e86d5daf?s=96&d=mm&r=g\",\"caption\":\"alana\"},\"sameAs\":[\"https:\/\/elrincondepancho.com\"]},{\"@type\":\"PostalAddress\",\"@id\":\"https:\/\/elrincondepancho.com\/fr\/2025\/04\/16\/ou-manger-le-jour-de-la-fete-des-meres-a-tenerife\/#local-main-place-address\",\"streetAddress\":\"C. del Valle Men\u00e9ndez, 20, 38650 Los Cristianos, Santa Cruz de Tenerife\",\"addressLocality\":\"Los Cristianos\",\"postalCode\":\"38650\",\"addressRegion\":\"Santa Cruz de Tenerife\",\"addressCountry\":\"ES\"},{\"@type\":\"ImageObject\",\"inLanguage\":\"fr-FR\",\"@id\":\"https:\/\/elrincondepancho.com\/fr\/2025\/04\/16\/ou-manger-le-jour-de-la-fete-des-meres-a-tenerife\/#local-main-organization-logo\",\"url\":\"https:\/\/elrincondepancho.com\/wp-content\/uploads\/2021\/12\/elrincondepancho512.png\",\"contentUrl\":\"https:\/\/elrincondepancho.com\/wp-content\/uploads\/2021\/12\/elrincondepancho512.png\",\"width\":512,\"height\":512,\"caption\":\"El Rinc\u00f3n de Pancho\"}]}<\/script>\n<meta name=\"geo.placename\" content=\"Los Cristianos\" \/>\n<meta name=\"geo.position\" content=\"28.0518515;-16.716028817\" \/>\n<meta name=\"geo.region\" content=\"Espagne\" \/>\n<!-- \/ Yoast SEO Premium plugin. -->","yoast_head_json":{"title":"O\u00f9 manger le jour de la f\u00eate des m\u00e8res \u00e0 Tenerife ? - El Rinc\u00f3n de Pancho","description":"O\u00f9 manger pour la f\u00eate des m\u00e8res \u00e0 Tenerife ? Surprenez votre maman avec des tapas, de la viande et du poisson dans une ambiance familiale et conviviale","robots":{"index":"index","follow":"follow","max-snippet":"max-snippet:-1","max-image-preview":"max-image-preview:large","max-video-preview":"max-video-preview:-1"},"canonical":"https:\/\/elrincondepancho.com\/fr\/2025\/04\/16\/ou-manger-le-jour-de-la-fete-des-meres-a-tenerife\/","og_locale":"fr_FR","og_type":"article","og_title":"O\u00f9 manger le jour de la f\u00eate des m\u00e8res \u00e0 Tenerife ?","og_description":"O\u00f9 manger pour la f\u00eate des m\u00e8res \u00e0 Tenerife ? Surprenez votre maman avec des tapas, de la viande et du poisson dans une ambiance familiale et conviviale","og_url":"https:\/\/elrincondepancho.com\/fr\/2025\/04\/16\/ou-manger-le-jour-de-la-fete-des-meres-a-tenerife\/","og_site_name":"El Rinc\u00f3n de Pancho","article_published_time":"2025-04-16T13:37:25+00:00","article_modified_time":"2025-08-26T13:33:37+00:00","og_image":[{"width":1240,"height":600,"url":"https:\/\/elrincondepancho.com\/wp-content\/uploads\/2025\/04\/\u00bfDonde-comer-el-Dia-de-la-Madre-en-Tenerife-Restaurante-en-Los-Cristianos-Tenerife.jpg","type":"image\/jpeg"}],"author":"alana","twitter_card":"summary_large_image","twitter_misc":{"\u00c9crit par":"alana","Dur\u00e9e de lecture estim\u00e9e":"3 minutes"},"schema":{"@context":"https:\/\/schema.org","@graph":[{"@type":"Article","@id":"https:\/\/elrincondepancho.com\/fr\/2025\/04\/16\/ou-manger-le-jour-de-la-fete-des-meres-a-tenerife\/#article","isPartOf":{"@id":"https:\/\/elrincondepancho.com\/fr\/2025\/04\/16\/ou-manger-le-jour-de-la-fete-des-meres-a-tenerife\/"},"author":{"name":"alana","@id":"https:\/\/elrincondepancho.com\/#\/schema\/person\/bfa0b977f2886f51b258b0453c49b5ee"},"headline":"O\u00f9 manger le jour de la f\u00eate des m\u00e8res \u00e0 Tenerife ?","datePublished":"2025-04-16T13:37:25+00:00","dateModified":"2025-08-26T13:33:37+00:00","mainEntityOfPage":{"@id":"https:\/\/elrincondepancho.com\/fr\/2025\/04\/16\/ou-manger-le-jour-de-la-fete-des-meres-a-tenerife\/"},"wordCount":383,"publisher":{"@id":"https:\/\/elrincondepancho.com\/#organization"},"image":{"@id":"https:\/\/elrincondepancho.com\/fr\/2025\/04\/16\/ou-manger-le-jour-de-la-fete-des-meres-a-tenerife\/#primaryimage"},"thumbnailUrl":"https:\/\/elrincondepancho.com\/wp-content\/uploads\/2025\/04\/\u00bfDonde-comer-el-Dia-de-la-Madre-en-Tenerife-Restaurante-en-Los-Cristianos-Tenerife.jpg","articleSection":["Tapas \u00e0 Tenerife"],"inLanguage":"fr-FR"},{"@type":"WebPage","@id":"https:\/\/elrincondepancho.com\/fr\/2025\/04\/16\/ou-manger-le-jour-de-la-fete-des-meres-a-tenerife\/","url":"https:\/\/elrincondepancho.com\/fr\/2025\/04\/16\/ou-manger-le-jour-de-la-fete-des-meres-a-tenerife\/","name":"O\u00f9 manger le jour de la f\u00eate des m\u00e8res \u00e0 Tenerife ? - El Rinc\u00f3n de Pancho","isPartOf":{"@id":"https:\/\/elrincondepancho.com\/#website"},"primaryImageOfPage":{"@id":"https:\/\/elrincondepancho.com\/fr\/2025\/04\/16\/ou-manger-le-jour-de-la-fete-des-meres-a-tenerife\/#primaryimage"},"image":{"@id":"https:\/\/elrincondepancho.com\/fr\/2025\/04\/16\/ou-manger-le-jour-de-la-fete-des-meres-a-tenerife\/#primaryimage"},"thumbnailUrl":"https:\/\/elrincondepancho.com\/wp-content\/uploads\/2025\/04\/\u00bfDonde-comer-el-Dia-de-la-Madre-en-Tenerife-Restaurante-en-Los-Cristianos-Tenerife.jpg","datePublished":"2025-04-16T13:37:25+00:00","dateModified":"2025-08-26T13:33:37+00:00","description":"O\u00f9 manger pour la f\u00eate des m\u00e8res \u00e0 Tenerife ? Surprenez votre maman avec des tapas, de la viande et du poisson dans une ambiance familiale et conviviale","breadcrumb":{"@id":"https:\/\/elrincondepancho.com\/fr\/2025\/04\/16\/ou-manger-le-jour-de-la-fete-des-meres-a-tenerife\/#breadcrumb"},"inLanguage":"fr-FR","potentialAction":[{"@type":"ReadAction","target":["https:\/\/elrincondepancho.com\/fr\/2025\/04\/16\/ou-manger-le-jour-de-la-fete-des-meres-a-tenerife\/"]}]},{"@type":"ImageObject","inLanguage":"fr-FR","@id":"https:\/\/elrincondepancho.com\/fr\/2025\/04\/16\/ou-manger-le-jour-de-la-fete-des-meres-a-tenerife\/#primaryimage","url":"https:\/\/elrincondepancho.com\/wp-content\/uploads\/2025\/04\/\u00bfDonde-comer-el-Dia-de-la-Madre-en-Tenerife-Restaurante-en-Los-Cristianos-Tenerife.jpg","contentUrl":"https:\/\/elrincondepancho.com\/wp-content\/uploads\/2025\/04\/\u00bfDonde-comer-el-Dia-de-la-Madre-en-Tenerife-Restaurante-en-Los-Cristianos-Tenerife.jpg","width":1240,"height":600,"caption":"\u00bfD\u00f3nde comer el D\u00eda de la Madre en Tenerife - Restaurante en Los Cristianos, Tenerife"},{"@type":"BreadcrumbList","@id":"https:\/\/elrincondepancho.com\/fr\/2025\/04\/16\/ou-manger-le-jour-de-la-fete-des-meres-a-tenerife\/#breadcrumb","itemListElement":[{"@type":"ListItem","position":1,"name":"Portada","item":"https:\/\/elrincondepancho.com\/fr\/"},{"@type":"ListItem","position":2,"name":"O\u00f9 manger le jour de la f\u00eate des m\u00e8res \u00e0 Tenerife ?"}]},{"@type":"WebSite","@id":"https:\/\/elrincondepancho.com\/#website","url":"https:\/\/elrincondepancho.com\/","name":"El Rinc\u00f3n de Pancho","description":"Restaurante en Tenerife","publisher":{"@id":"https:\/\/elrincondepancho.com\/#organization"},"potentialAction":[{"@type":"SearchAction","target":{"@type":"EntryPoint","urlTemplate":"https:\/\/elrincondepancho.com\/?s={search_term_string}"},"query-input":{"@type":"PropertyValueSpecification","valueRequired":true,"valueName":"search_term_string"}}],"inLanguage":"fr-FR"},{"@type":["Organization","Place","Restaurant"],"@id":"https:\/\/elrincondepancho.com\/#organization","name":"El Rinc\u00f3n de Pancho","url":"https:\/\/elrincondepancho.com\/","logo":{"@id":"https:\/\/elrincondepancho.com\/fr\/2025\/04\/16\/ou-manger-le-jour-de-la-fete-des-meres-a-tenerife\/#local-main-organization-logo"},"image":{"@id":"https:\/\/elrincondepancho.com\/fr\/2025\/04\/16\/ou-manger-le-jour-de-la-fete-des-meres-a-tenerife\/#local-main-organization-logo"},"address":{"@id":"https:\/\/elrincondepancho.com\/fr\/2025\/04\/16\/ou-manger-le-jour-de-la-fete-des-meres-a-tenerife\/#local-main-place-address"},"geo":{"@type":"GeoCoordinates","latitude":"28.0518515","longitude":"-16.716028817"},"telephone":["922 78 73 93"],"contactPoint":{"@type":"ContactPoint","telephone":"922 78 73 93","email":"info@elrincondepancho.com"},"openingHoursSpecification":[{"@type":"OpeningHoursSpecification","dayOfWeek":["Monday","Tuesday","Wednesday","Thursday","Friday","Saturday","Sunday"],"opens":"09:00","closes":"17:00"}],"email":"info@elrincondepancho.com","areaServed":"Los Cristianos, Tenerife"},{"@type":"Person","@id":"https:\/\/elrincondepancho.com\/#\/schema\/person\/bfa0b977f2886f51b258b0453c49b5ee","name":"alana","image":{"@type":"ImageObject","inLanguage":"fr-FR","@id":"https:\/\/elrincondepancho.com\/#\/schema\/person\/image\/","url":"https:\/\/secure.gravatar.com\/avatar\/8e0c6266115797b0e6b6e0646ba9fab4dede49eea37380997f57ed77e86d5daf?s=96&d=mm&r=g","contentUrl":"https:\/\/secure.gravatar.com\/avatar\/8e0c6266115797b0e6b6e0646ba9fab4dede49eea37380997f57ed77e86d5daf?s=96&d=mm&r=g","caption":"alana"},"sameAs":["https:\/\/elrincondepancho.com"]},{"@type":"PostalAddress","@id":"https:\/\/elrincondepancho.com\/fr\/2025\/04\/16\/ou-manger-le-jour-de-la-fete-des-meres-a-tenerife\/#local-main-place-address","streetAddress":"C. del Valle Men\u00e9ndez, 20, 38650 Los Cristianos, Santa Cruz de Tenerife","addressLocality":"Los Cristianos","postalCode":"38650","addressRegion":"Santa Cruz de Tenerife","addressCountry":"ES"},{"@type":"ImageObject","inLanguage":"fr-FR","@id":"https:\/\/elrincondepancho.com\/fr\/2025\/04\/16\/ou-manger-le-jour-de-la-fete-des-meres-a-tenerife\/#local-main-organization-logo","url":"https:\/\/elrincondepancho.com\/wp-content\/uploads\/2021\/12\/elrincondepancho512.png","contentUrl":"https:\/\/elrincondepancho.com\/wp-content\/uploads\/2021\/12\/elrincondepancho512.png","width":512,"height":512,"caption":"El Rinc\u00f3n de Pancho"}]},"geo.placename":"Los Cristianos","geo.position":{"lat":"28.0518515","long":"-16.716028817"},"geo.region":"Espagne"},"_links":{"self":[{"href":"https:\/\/elrincondepancho.com\/fr\/wp-json\/wp\/v2\/posts\/1672","targetHints":{"allow":["GET"]}}],"collection":[{"href":"https:\/\/elrincondepancho.com\/fr\/wp-json\/wp\/v2\/posts"}],"about":[{"href":"https:\/\/elrincondepancho.com\/fr\/wp-json\/wp\/v2\/types\/post"}],"author":[{"embeddable":true,"href":"https:\/\/elrincondepancho.com\/fr\/wp-json\/wp\/v2\/users\/1"}],"replies":[{"embeddable":true,"href":"https:\/\/elrincondepancho.com\/fr\/wp-json\/wp\/v2\/comments?post=1672"}],"version-history":[{"count":2,"href":"https:\/\/elrincondepancho.com\/fr\/wp-json\/wp\/v2\/posts\/1672\/revisions"}],"predecessor-version":[{"id":1819,"href":"https:\/\/elrincondepancho.com\/fr\/wp-json\/wp\/v2\/posts\/1672\/revisions\/1819"}],"wp:featuredmedia":[{"embeddable":true,"href":"https:\/\/elrincondepancho.com\/fr\/wp-json\/wp\/v2\/media\/1665"}],"wp:attachment":[{"href":"https:\/\/elrincondepancho.com\/fr\/wp-json\/wp\/v2\/media?parent=1672"}],"wp:term":[{"taxonomy":"category","embeddable":true,"href":"https:\/\/elrincondepancho.com\/fr\/wp-json\/wp\/v2\/categories?post=1672"},{"taxonomy":"post_tag","embeddable":true,"href":"https:\/\/elrincondepancho.com\/fr\/wp-json\/wp\/v2\/tags?post=1672"}],"curies":[{"name":"wp","href":"https:\/\/api.w.org\/{rel}","templated":true}]}}