{"id":1840,"date":"2025-09-09T21:21:05","date_gmt":"2025-09-09T21:21:05","guid":{"rendered":"https:\/\/elrincondepancho.com\/?p=1840"},"modified":"2025-09-09T21:21:05","modified_gmt":"2025-09-09T21:21:05","slug":"ou-manger-dans-le-sud-de-tenerife-decouvrez-el-rincon-de-pancho","status":"publish","type":"post","link":"https:\/\/elrincondepancho.com\/fr\/2025\/09\/09\/ou-manger-dans-le-sud-de-tenerife-decouvrez-el-rincon-de-pancho\/","title":{"rendered":"O\u00f9 manger dans le sud de Tenerife ? D\u00e9couvrez El Rinc\u00f3n de Pancho"},"content":{"rendered":"<p>Si vous cherchez <strong>o\u00f9 manger dans le sud de Tenerife<\/strong>, \u00e0 Los Cristianos vous trouverez un lieu qui offre une exp\u00e9rience gastronomique compl\u00e8te et pleine de saveurs. Ici, vous pourrez d\u00e9guster une grande vari\u00e9t\u00e9 de plats canariens, tapas et recettes traditionnelles parfaites pour partager.<\/p>\n<h4>Tapas et entr\u00e9es \u00e0 partager<\/h4>\n<p>Parmi les tapas les plus populaires, on trouve les <strong>papas arrugadas avec mojos<\/strong>, les <strong>poivrons fa\u00e7on Las Rejas<\/strong>, les <strong>croquettes maison<\/strong> et les <strong>mini-empanadas<\/strong>, parfaites pour commencer le repas. Pour ceux qui recherchent des saveurs plus originales, des options comme le <strong>Ferrero Canario<\/strong>, les <strong>bouch\u00e9es de patate douce et morue<\/strong> ou les <strong>crevettes en tempura noire<\/strong> surprennent et ravissent d\u00e8s la premi\u00e8re bouch\u00e9e.<\/p>\n<h4><img loading=\"lazy\" decoding=\"async\" class=\"wp-image-892 size-medium alignright\" src=\"https:\/\/elrincondepancho.com\/wp-content\/uploads\/2021\/12\/pulpo-estilo-canario-300x231.jpg\" alt=\"tapas \u00e0 Tenerife\" width=\"300\" height=\"231\" srcset=\"https:\/\/elrincondepancho.com\/wp-content\/uploads\/2021\/12\/pulpo-estilo-canario-300x231.jpg 300w, https:\/\/elrincondepancho.com\/wp-content\/uploads\/2021\/12\/pulpo-estilo-canario-1024x789.jpg 1024w, https:\/\/elrincondepancho.com\/wp-content\/uploads\/2021\/12\/pulpo-estilo-canario-768x592.jpg 768w, https:\/\/elrincondepancho.com\/wp-content\/uploads\/2021\/12\/pulpo-estilo-canario.jpg 1402w\" sizes=\"auto, (max-width: 300px) 100vw, 300px\" \/>D\u00e9lices de la mer<\/h4>\n<p>Les fruits de mer sont l\u2019une des stars du menu. Parmi les options, on trouve le <strong>poulpe fa\u00e7on canarienne<\/strong>, le <strong>Pulpo Pancho<\/strong>, les <strong>calmars \u00e0 la romaine<\/strong> et la <strong>morue frite \u00e0 l\u2019ananas<\/strong>. Chaque plat combine des ingr\u00e9dients frais et des saveurs authentiques, en respectant toujours la tradition canarienne.<\/p>\n<h4>Plats de viande pour tous les go\u00fbts<\/h4>\n<p>Si vous pr\u00e9f\u00e9rez la viande, vous trouverez des alternatives telles que le <strong>secreto ib\u00e9rique<\/strong>, le <strong>filet du chef<\/strong>, le <strong>filet grill\u00e9<\/strong>, le <strong>lomo alto<\/strong> et l\u2019<strong>entrec\u00f4te coup\u00e9e<\/strong>. Toutes les viandes sont soigneusement pr\u00e9par\u00e9es et servies pr\u00eates \u00e0 d\u00e9guster, avec des saveurs qui restent en m\u00e9moire.<\/p>\n<h4>Plus d\u2019options de tapas<\/h4>\n<p>Le tapeo est id\u00e9al pour go\u00fbter plusieurs plats et partager. Parmi les incontournables, on trouve le <strong>Saco de Pancho<\/strong>, les <strong>huevos estrellados<\/strong>, les <strong>bravas canariennes<\/strong> et le <strong>fromage grill\u00e9 avec deux mojos<\/strong>. Chaque option est con\u00e7ue pour que l\u2019exp\u00e9rience gastronomique soit compl\u00e8te et savoureuse.<\/p>\n<h4>Une exp\u00e9rience gastronomique authentique<\/h4>\n<p>Si vous souhaitez vivre un repas vari\u00e9, authentique et plein de saveurs, ce coin de Los Cristianos est une \u00e9tape incontournable. Sans aucun doute, c\u2019est un endroit o\u00f9 <strong>manger dans le sud de Tenerife<\/strong> et savourer tapas, plats traditionnels et combinaisons cr\u00e9atives qui rendront votre visite inoubliable.<\/p>\n<p style=\"font-weight:bold; font-size:1.2em;\">N\u2019attendez plus et venez go\u00fbter ces d\u00e9licieuses saveurs par vous-m\u00eame. <a href=\"tel:922787393\">R\u00e9servez maintenant<\/a> ou venez nous rendre visite et d\u00e9couvrez votre nouvel endroit pr\u00e9f\u00e9r\u00e9 pour <strong>manger dans le sud de Tenerife<\/strong>.<\/p>\n","protected":false},"excerpt":{"rendered":"<p>Si vous cherchez o\u00f9 manger dans le sud de Tenerife, \u00e0 Los Cristianos vous trouverez un lieu qui offre une exp\u00e9rience gastronomique compl\u00e8te et pleine de saveurs. Ici, vous pourrez d\u00e9guster une grande vari\u00e9t\u00e9 de plats canariens, tapas et recettes traditionnelles parfaites pour partager. Tapas et entr\u00e9es \u00e0 partager Parmi les tapas les plus populaires,<span class=\"read_more_area\"><a class=\"read-more\" href=\"https:\/\/elrincondepancho.com\/fr\/2025\/09\/09\/ou-manger-dans-le-sud-de-tenerife-decouvrez-el-rincon-de-pancho\/\"> Continue Reading <\/a><\/span><\/p>\n","protected":false},"author":1,"featured_media":1830,"comment_status":"closed","ping_status":"closed","sticky":false,"template":"","format":"standard","meta":{"footnotes":""},"categories":[39],"tags":[],"class_list":["post-1840","post","type-post","status-publish","format-standard","has-post-thumbnail","hentry","category-tapas-a-tenerife"],"yoast_head":"<!-- This site is optimized with the Yoast SEO Premium plugin v26.2 (Yoast SEO v26.2) - https:\/\/yoast.com\/wordpress\/plugins\/seo\/ -->\n<title>O\u00f9 manger dans le sud de Tenerife | El Rinc\u00f3n de Pancho<\/title>\n<meta name=\"description\" content=\"Tapas et plats canariens \u00e0 Los Cristianos. El Rinc\u00f3n de Pancho, votre meilleure option si vous cherchez o\u00f9 manger dans le sud de Tenerife.\" \/>\n<meta name=\"robots\" content=\"index, follow, max-snippet:-1, max-image-preview:large, max-video-preview:-1\" \/>\n<link rel=\"canonical\" href=\"https:\/\/elrincondepancho.com\/fr\/2025\/09\/09\/ou-manger-dans-le-sud-de-tenerife-decouvrez-el-rincon-de-pancho\/\" \/>\n<meta property=\"og:locale\" content=\"fr_FR\" \/>\n<meta property=\"og:type\" content=\"article\" \/>\n<meta property=\"og:title\" content=\"O\u00f9 manger dans le sud de Tenerife ? D\u00e9couvrez El Rinc\u00f3n de Pancho\" \/>\n<meta property=\"og:description\" content=\"Tapas et plats canariens \u00e0 Los Cristianos. El Rinc\u00f3n de Pancho, votre meilleure option si vous cherchez o\u00f9 manger dans le sud de Tenerife.\" \/>\n<meta property=\"og:url\" content=\"https:\/\/elrincondepancho.com\/fr\/2025\/09\/09\/ou-manger-dans-le-sud-de-tenerife-decouvrez-el-rincon-de-pancho\/\" \/>\n<meta property=\"og:site_name\" content=\"El Rinc\u00f3n de Pancho\" \/>\n<meta property=\"article:published_time\" content=\"2025-09-09T21:21:05+00:00\" \/>\n<meta property=\"og:image\" content=\"https:\/\/elrincondepancho.com\/wp-content\/uploads\/2025\/09\/donde-comer-en-tenerife-sur.jpg\" \/>\n\t<meta property=\"og:image:width\" content=\"1240\" \/>\n\t<meta property=\"og:image:height\" content=\"600\" \/>\n\t<meta property=\"og:image:type\" content=\"image\/jpeg\" \/>\n<meta name=\"author\" content=\"alana\" \/>\n<meta name=\"twitter:card\" content=\"summary_large_image\" \/>\n<meta name=\"twitter:label1\" content=\"\u00c9crit par\" \/>\n\t<meta name=\"twitter:data1\" content=\"alana\" \/>\n<script type=\"application\/ld+json\" class=\"yoast-schema-graph\">{\"@context\":\"https:\/\/schema.org\",\"@graph\":[{\"@type\":\"Article\",\"@id\":\"https:\/\/elrincondepancho.com\/fr\/2025\/09\/09\/ou-manger-dans-le-sud-de-tenerife-decouvrez-el-rincon-de-pancho\/#article\",\"isPartOf\":{\"@id\":\"https:\/\/elrincondepancho.com\/fr\/2025\/09\/09\/ou-manger-dans-le-sud-de-tenerife-decouvrez-el-rincon-de-pancho\/\"},\"author\":{\"name\":\"alana\",\"@id\":\"https:\/\/elrincondepancho.com\/#\/schema\/person\/bfa0b977f2886f51b258b0453c49b5ee\"},\"headline\":\"O\u00f9 manger dans le sud de Tenerife ? D\u00e9couvrez El Rinc\u00f3n de Pancho\",\"datePublished\":\"2025-09-09T21:21:05+00:00\",\"mainEntityOfPage\":{\"@id\":\"https:\/\/elrincondepancho.com\/fr\/2025\/09\/09\/ou-manger-dans-le-sud-de-tenerife-decouvrez-el-rincon-de-pancho\/\"},\"wordCount\":400,\"publisher\":{\"@id\":\"https:\/\/elrincondepancho.com\/#organization\"},\"image\":{\"@id\":\"https:\/\/elrincondepancho.com\/fr\/2025\/09\/09\/ou-manger-dans-le-sud-de-tenerife-decouvrez-el-rincon-de-pancho\/#primaryimage\"},\"thumbnailUrl\":\"https:\/\/elrincondepancho.com\/wp-content\/uploads\/2025\/09\/donde-comer-en-tenerife-sur.jpg\",\"articleSection\":[\"Tapas \u00e0 Tenerife\"],\"inLanguage\":\"fr-FR\"},{\"@type\":\"WebPage\",\"@id\":\"https:\/\/elrincondepancho.com\/fr\/2025\/09\/09\/ou-manger-dans-le-sud-de-tenerife-decouvrez-el-rincon-de-pancho\/\",\"url\":\"https:\/\/elrincondepancho.com\/fr\/2025\/09\/09\/ou-manger-dans-le-sud-de-tenerife-decouvrez-el-rincon-de-pancho\/\",\"name\":\"O\u00f9 manger dans le sud de Tenerife | El Rinc\u00f3n de Pancho\",\"isPartOf\":{\"@id\":\"https:\/\/elrincondepancho.com\/#website\"},\"primaryImageOfPage\":{\"@id\":\"https:\/\/elrincondepancho.com\/fr\/2025\/09\/09\/ou-manger-dans-le-sud-de-tenerife-decouvrez-el-rincon-de-pancho\/#primaryimage\"},\"image\":{\"@id\":\"https:\/\/elrincondepancho.com\/fr\/2025\/09\/09\/ou-manger-dans-le-sud-de-tenerife-decouvrez-el-rincon-de-pancho\/#primaryimage\"},\"thumbnailUrl\":\"https:\/\/elrincondepancho.com\/wp-content\/uploads\/2025\/09\/donde-comer-en-tenerife-sur.jpg\",\"datePublished\":\"2025-09-09T21:21:05+00:00\",\"description\":\"Tapas et plats canariens \u00e0 Los Cristianos. El Rinc\u00f3n de Pancho, votre meilleure option si vous cherchez o\u00f9 manger dans le sud de Tenerife.\",\"breadcrumb\":{\"@id\":\"https:\/\/elrincondepancho.com\/fr\/2025\/09\/09\/ou-manger-dans-le-sud-de-tenerife-decouvrez-el-rincon-de-pancho\/#breadcrumb\"},\"inLanguage\":\"fr-FR\",\"potentialAction\":[{\"@type\":\"ReadAction\",\"target\":[\"https:\/\/elrincondepancho.com\/fr\/2025\/09\/09\/ou-manger-dans-le-sud-de-tenerife-decouvrez-el-rincon-de-pancho\/\"]}]},{\"@type\":\"ImageObject\",\"inLanguage\":\"fr-FR\",\"@id\":\"https:\/\/elrincondepancho.com\/fr\/2025\/09\/09\/ou-manger-dans-le-sud-de-tenerife-decouvrez-el-rincon-de-pancho\/#primaryimage\",\"url\":\"https:\/\/elrincondepancho.com\/wp-content\/uploads\/2025\/09\/donde-comer-en-tenerife-sur.jpg\",\"contentUrl\":\"https:\/\/elrincondepancho.com\/wp-content\/uploads\/2025\/09\/donde-comer-en-tenerife-sur.jpg\",\"width\":1240,\"height\":600,\"caption\":\"donde comer en tenerife sur\"},{\"@type\":\"BreadcrumbList\",\"@id\":\"https:\/\/elrincondepancho.com\/fr\/2025\/09\/09\/ou-manger-dans-le-sud-de-tenerife-decouvrez-el-rincon-de-pancho\/#breadcrumb\",\"itemListElement\":[{\"@type\":\"ListItem\",\"position\":1,\"name\":\"Portada\",\"item\":\"https:\/\/elrincondepancho.com\/fr\/\"},{\"@type\":\"ListItem\",\"position\":2,\"name\":\"O\u00f9 manger dans le sud de Tenerife ? D\u00e9couvrez El Rinc\u00f3n de Pancho\"}]},{\"@type\":\"WebSite\",\"@id\":\"https:\/\/elrincondepancho.com\/#website\",\"url\":\"https:\/\/elrincondepancho.com\/\",\"name\":\"El Rinc\u00f3n de Pancho\",\"description\":\"Restaurante en Tenerife\",\"publisher\":{\"@id\":\"https:\/\/elrincondepancho.com\/#organization\"},\"potentialAction\":[{\"@type\":\"SearchAction\",\"target\":{\"@type\":\"EntryPoint\",\"urlTemplate\":\"https:\/\/elrincondepancho.com\/?s={search_term_string}\"},\"query-input\":{\"@type\":\"PropertyValueSpecification\",\"valueRequired\":true,\"valueName\":\"search_term_string\"}}],\"inLanguage\":\"fr-FR\"},{\"@type\":[\"Organization\",\"Place\",\"Restaurant\"],\"@id\":\"https:\/\/elrincondepancho.com\/#organization\",\"name\":\"El Rinc\u00f3n de Pancho\",\"url\":\"https:\/\/elrincondepancho.com\/\",\"logo\":{\"@id\":\"https:\/\/elrincondepancho.com\/fr\/2025\/09\/09\/ou-manger-dans-le-sud-de-tenerife-decouvrez-el-rincon-de-pancho\/#local-main-organization-logo\"},\"image\":{\"@id\":\"https:\/\/elrincondepancho.com\/fr\/2025\/09\/09\/ou-manger-dans-le-sud-de-tenerife-decouvrez-el-rincon-de-pancho\/#local-main-organization-logo\"},\"address\":{\"@id\":\"https:\/\/elrincondepancho.com\/fr\/2025\/09\/09\/ou-manger-dans-le-sud-de-tenerife-decouvrez-el-rincon-de-pancho\/#local-main-place-address\"},\"geo\":{\"@type\":\"GeoCoordinates\",\"latitude\":\"28.0518515\",\"longitude\":\"-16.716028817\"},\"telephone\":[\"922 78 73 93\"],\"contactPoint\":{\"@type\":\"ContactPoint\",\"telephone\":\"922 78 73 93\",\"email\":\"info@elrincondepancho.com\"},\"openingHoursSpecification\":[{\"@type\":\"OpeningHoursSpecification\",\"dayOfWeek\":[\"Monday\",\"Tuesday\",\"Wednesday\",\"Thursday\",\"Friday\",\"Saturday\",\"Sunday\"],\"opens\":\"09:00\",\"closes\":\"17:00\"}],\"email\":\"info@elrincondepancho.com\",\"areaServed\":\"Los Cristianos, Tenerife\"},{\"@type\":\"Person\",\"@id\":\"https:\/\/elrincondepancho.com\/#\/schema\/person\/bfa0b977f2886f51b258b0453c49b5ee\",\"name\":\"alana\",\"image\":{\"@type\":\"ImageObject\",\"inLanguage\":\"fr-FR\",\"@id\":\"https:\/\/elrincondepancho.com\/#\/schema\/person\/image\/\",\"url\":\"https:\/\/secure.gravatar.com\/avatar\/8e0c6266115797b0e6b6e0646ba9fab4dede49eea37380997f57ed77e86d5daf?s=96&d=mm&r=g\",\"contentUrl\":\"https:\/\/secure.gravatar.com\/avatar\/8e0c6266115797b0e6b6e0646ba9fab4dede49eea37380997f57ed77e86d5daf?s=96&d=mm&r=g\",\"caption\":\"alana\"},\"sameAs\":[\"https:\/\/elrincondepancho.com\"]},{\"@type\":\"PostalAddress\",\"@id\":\"https:\/\/elrincondepancho.com\/fr\/2025\/09\/09\/ou-manger-dans-le-sud-de-tenerife-decouvrez-el-rincon-de-pancho\/#local-main-place-address\",\"streetAddress\":\"C. del Valle Men\u00e9ndez, 20, 38650 Los Cristianos, Santa Cruz de Tenerife\",\"addressLocality\":\"Los Cristianos\",\"postalCode\":\"38650\",\"addressRegion\":\"Santa Cruz de Tenerife\",\"addressCountry\":\"ES\"},{\"@type\":\"ImageObject\",\"inLanguage\":\"fr-FR\",\"@id\":\"https:\/\/elrincondepancho.com\/fr\/2025\/09\/09\/ou-manger-dans-le-sud-de-tenerife-decouvrez-el-rincon-de-pancho\/#local-main-organization-logo\",\"url\":\"https:\/\/elrincondepancho.com\/wp-content\/uploads\/2021\/12\/elrincondepancho512.png\",\"contentUrl\":\"https:\/\/elrincondepancho.com\/wp-content\/uploads\/2021\/12\/elrincondepancho512.png\",\"width\":512,\"height\":512,\"caption\":\"El Rinc\u00f3n de Pancho\"}]}<\/script>\n<meta name=\"geo.placename\" content=\"Los Cristianos\" \/>\n<meta name=\"geo.position\" content=\"28.0518515;-16.716028817\" \/>\n<meta name=\"geo.region\" content=\"Espagne\" \/>\n<!-- \/ Yoast SEO Premium plugin. -->","yoast_head_json":{"title":"O\u00f9 manger dans le sud de Tenerife | El Rinc\u00f3n de Pancho","description":"Tapas et plats canariens \u00e0 Los Cristianos. El Rinc\u00f3n de Pancho, votre meilleure option si vous cherchez o\u00f9 manger dans le sud de Tenerife.","robots":{"index":"index","follow":"follow","max-snippet":"max-snippet:-1","max-image-preview":"max-image-preview:large","max-video-preview":"max-video-preview:-1"},"canonical":"https:\/\/elrincondepancho.com\/fr\/2025\/09\/09\/ou-manger-dans-le-sud-de-tenerife-decouvrez-el-rincon-de-pancho\/","og_locale":"fr_FR","og_type":"article","og_title":"O\u00f9 manger dans le sud de Tenerife ? D\u00e9couvrez El Rinc\u00f3n de Pancho","og_description":"Tapas et plats canariens \u00e0 Los Cristianos. El Rinc\u00f3n de Pancho, votre meilleure option si vous cherchez o\u00f9 manger dans le sud de Tenerife.","og_url":"https:\/\/elrincondepancho.com\/fr\/2025\/09\/09\/ou-manger-dans-le-sud-de-tenerife-decouvrez-el-rincon-de-pancho\/","og_site_name":"El Rinc\u00f3n de Pancho","article_published_time":"2025-09-09T21:21:05+00:00","og_image":[{"width":1240,"height":600,"url":"https:\/\/elrincondepancho.com\/wp-content\/uploads\/2025\/09\/donde-comer-en-tenerife-sur.jpg","type":"image\/jpeg"}],"author":"alana","twitter_card":"summary_large_image","twitter_misc":{"\u00c9crit par":"alana"},"schema":{"@context":"https:\/\/schema.org","@graph":[{"@type":"Article","@id":"https:\/\/elrincondepancho.com\/fr\/2025\/09\/09\/ou-manger-dans-le-sud-de-tenerife-decouvrez-el-rincon-de-pancho\/#article","isPartOf":{"@id":"https:\/\/elrincondepancho.com\/fr\/2025\/09\/09\/ou-manger-dans-le-sud-de-tenerife-decouvrez-el-rincon-de-pancho\/"},"author":{"name":"alana","@id":"https:\/\/elrincondepancho.com\/#\/schema\/person\/bfa0b977f2886f51b258b0453c49b5ee"},"headline":"O\u00f9 manger dans le sud de Tenerife ? D\u00e9couvrez El Rinc\u00f3n de Pancho","datePublished":"2025-09-09T21:21:05+00:00","mainEntityOfPage":{"@id":"https:\/\/elrincondepancho.com\/fr\/2025\/09\/09\/ou-manger-dans-le-sud-de-tenerife-decouvrez-el-rincon-de-pancho\/"},"wordCount":400,"publisher":{"@id":"https:\/\/elrincondepancho.com\/#organization"},"image":{"@id":"https:\/\/elrincondepancho.com\/fr\/2025\/09\/09\/ou-manger-dans-le-sud-de-tenerife-decouvrez-el-rincon-de-pancho\/#primaryimage"},"thumbnailUrl":"https:\/\/elrincondepancho.com\/wp-content\/uploads\/2025\/09\/donde-comer-en-tenerife-sur.jpg","articleSection":["Tapas \u00e0 Tenerife"],"inLanguage":"fr-FR"},{"@type":"WebPage","@id":"https:\/\/elrincondepancho.com\/fr\/2025\/09\/09\/ou-manger-dans-le-sud-de-tenerife-decouvrez-el-rincon-de-pancho\/","url":"https:\/\/elrincondepancho.com\/fr\/2025\/09\/09\/ou-manger-dans-le-sud-de-tenerife-decouvrez-el-rincon-de-pancho\/","name":"O\u00f9 manger dans le sud de Tenerife | El Rinc\u00f3n de Pancho","isPartOf":{"@id":"https:\/\/elrincondepancho.com\/#website"},"primaryImageOfPage":{"@id":"https:\/\/elrincondepancho.com\/fr\/2025\/09\/09\/ou-manger-dans-le-sud-de-tenerife-decouvrez-el-rincon-de-pancho\/#primaryimage"},"image":{"@id":"https:\/\/elrincondepancho.com\/fr\/2025\/09\/09\/ou-manger-dans-le-sud-de-tenerife-decouvrez-el-rincon-de-pancho\/#primaryimage"},"thumbnailUrl":"https:\/\/elrincondepancho.com\/wp-content\/uploads\/2025\/09\/donde-comer-en-tenerife-sur.jpg","datePublished":"2025-09-09T21:21:05+00:00","description":"Tapas et plats canariens \u00e0 Los Cristianos. El Rinc\u00f3n de Pancho, votre meilleure option si vous cherchez o\u00f9 manger dans le sud de Tenerife.","breadcrumb":{"@id":"https:\/\/elrincondepancho.com\/fr\/2025\/09\/09\/ou-manger-dans-le-sud-de-tenerife-decouvrez-el-rincon-de-pancho\/#breadcrumb"},"inLanguage":"fr-FR","potentialAction":[{"@type":"ReadAction","target":["https:\/\/elrincondepancho.com\/fr\/2025\/09\/09\/ou-manger-dans-le-sud-de-tenerife-decouvrez-el-rincon-de-pancho\/"]}]},{"@type":"ImageObject","inLanguage":"fr-FR","@id":"https:\/\/elrincondepancho.com\/fr\/2025\/09\/09\/ou-manger-dans-le-sud-de-tenerife-decouvrez-el-rincon-de-pancho\/#primaryimage","url":"https:\/\/elrincondepancho.com\/wp-content\/uploads\/2025\/09\/donde-comer-en-tenerife-sur.jpg","contentUrl":"https:\/\/elrincondepancho.com\/wp-content\/uploads\/2025\/09\/donde-comer-en-tenerife-sur.jpg","width":1240,"height":600,"caption":"donde comer en tenerife sur"},{"@type":"BreadcrumbList","@id":"https:\/\/elrincondepancho.com\/fr\/2025\/09\/09\/ou-manger-dans-le-sud-de-tenerife-decouvrez-el-rincon-de-pancho\/#breadcrumb","itemListElement":[{"@type":"ListItem","position":1,"name":"Portada","item":"https:\/\/elrincondepancho.com\/fr\/"},{"@type":"ListItem","position":2,"name":"O\u00f9 manger dans le sud de Tenerife ? D\u00e9couvrez El Rinc\u00f3n de Pancho"}]},{"@type":"WebSite","@id":"https:\/\/elrincondepancho.com\/#website","url":"https:\/\/elrincondepancho.com\/","name":"El Rinc\u00f3n de Pancho","description":"Restaurante en Tenerife","publisher":{"@id":"https:\/\/elrincondepancho.com\/#organization"},"potentialAction":[{"@type":"SearchAction","target":{"@type":"EntryPoint","urlTemplate":"https:\/\/elrincondepancho.com\/?s={search_term_string}"},"query-input":{"@type":"PropertyValueSpecification","valueRequired":true,"valueName":"search_term_string"}}],"inLanguage":"fr-FR"},{"@type":["Organization","Place","Restaurant"],"@id":"https:\/\/elrincondepancho.com\/#organization","name":"El Rinc\u00f3n de Pancho","url":"https:\/\/elrincondepancho.com\/","logo":{"@id":"https:\/\/elrincondepancho.com\/fr\/2025\/09\/09\/ou-manger-dans-le-sud-de-tenerife-decouvrez-el-rincon-de-pancho\/#local-main-organization-logo"},"image":{"@id":"https:\/\/elrincondepancho.com\/fr\/2025\/09\/09\/ou-manger-dans-le-sud-de-tenerife-decouvrez-el-rincon-de-pancho\/#local-main-organization-logo"},"address":{"@id":"https:\/\/elrincondepancho.com\/fr\/2025\/09\/09\/ou-manger-dans-le-sud-de-tenerife-decouvrez-el-rincon-de-pancho\/#local-main-place-address"},"geo":{"@type":"GeoCoordinates","latitude":"28.0518515","longitude":"-16.716028817"},"telephone":["922 78 73 93"],"contactPoint":{"@type":"ContactPoint","telephone":"922 78 73 93","email":"info@elrincondepancho.com"},"openingHoursSpecification":[{"@type":"OpeningHoursSpecification","dayOfWeek":["Monday","Tuesday","Wednesday","Thursday","Friday","Saturday","Sunday"],"opens":"09:00","closes":"17:00"}],"email":"info@elrincondepancho.com","areaServed":"Los Cristianos, Tenerife"},{"@type":"Person","@id":"https:\/\/elrincondepancho.com\/#\/schema\/person\/bfa0b977f2886f51b258b0453c49b5ee","name":"alana","image":{"@type":"ImageObject","inLanguage":"fr-FR","@id":"https:\/\/elrincondepancho.com\/#\/schema\/person\/image\/","url":"https:\/\/secure.gravatar.com\/avatar\/8e0c6266115797b0e6b6e0646ba9fab4dede49eea37380997f57ed77e86d5daf?s=96&d=mm&r=g","contentUrl":"https:\/\/secure.gravatar.com\/avatar\/8e0c6266115797b0e6b6e0646ba9fab4dede49eea37380997f57ed77e86d5daf?s=96&d=mm&r=g","caption":"alana"},"sameAs":["https:\/\/elrincondepancho.com"]},{"@type":"PostalAddress","@id":"https:\/\/elrincondepancho.com\/fr\/2025\/09\/09\/ou-manger-dans-le-sud-de-tenerife-decouvrez-el-rincon-de-pancho\/#local-main-place-address","streetAddress":"C. del Valle Men\u00e9ndez, 20, 38650 Los Cristianos, Santa Cruz de Tenerife","addressLocality":"Los Cristianos","postalCode":"38650","addressRegion":"Santa Cruz de Tenerife","addressCountry":"ES"},{"@type":"ImageObject","inLanguage":"fr-FR","@id":"https:\/\/elrincondepancho.com\/fr\/2025\/09\/09\/ou-manger-dans-le-sud-de-tenerife-decouvrez-el-rincon-de-pancho\/#local-main-organization-logo","url":"https:\/\/elrincondepancho.com\/wp-content\/uploads\/2021\/12\/elrincondepancho512.png","contentUrl":"https:\/\/elrincondepancho.com\/wp-content\/uploads\/2021\/12\/elrincondepancho512.png","width":512,"height":512,"caption":"El Rinc\u00f3n de Pancho"}]},"geo.placename":"Los Cristianos","geo.position":{"lat":"28.0518515","long":"-16.716028817"},"geo.region":"Espagne"},"_links":{"self":[{"href":"https:\/\/elrincondepancho.com\/fr\/wp-json\/wp\/v2\/posts\/1840","targetHints":{"allow":["GET"]}}],"collection":[{"href":"https:\/\/elrincondepancho.com\/fr\/wp-json\/wp\/v2\/posts"}],"about":[{"href":"https:\/\/elrincondepancho.com\/fr\/wp-json\/wp\/v2\/types\/post"}],"author":[{"embeddable":true,"href":"https:\/\/elrincondepancho.com\/fr\/wp-json\/wp\/v2\/users\/1"}],"replies":[{"embeddable":true,"href":"https:\/\/elrincondepancho.com\/fr\/wp-json\/wp\/v2\/comments?post=1840"}],"version-history":[{"count":1,"href":"https:\/\/elrincondepancho.com\/fr\/wp-json\/wp\/v2\/posts\/1840\/revisions"}],"predecessor-version":[{"id":1842,"href":"https:\/\/elrincondepancho.com\/fr\/wp-json\/wp\/v2\/posts\/1840\/revisions\/1842"}],"wp:featuredmedia":[{"embeddable":true,"href":"https:\/\/elrincondepancho.com\/fr\/wp-json\/wp\/v2\/media\/1830"}],"wp:attachment":[{"href":"https:\/\/elrincondepancho.com\/fr\/wp-json\/wp\/v2\/media?parent=1840"}],"wp:term":[{"taxonomy":"category","embeddable":true,"href":"https:\/\/elrincondepancho.com\/fr\/wp-json\/wp\/v2\/categories?post=1840"},{"taxonomy":"post_tag","embeddable":true,"href":"https:\/\/elrincondepancho.com\/fr\/wp-json\/wp\/v2\/tags?post=1840"}],"curies":[{"name":"wp","href":"https:\/\/api.w.org\/{rel}","templated":true}]}}