{"id":1647,"date":"2025-02-13T11:37:56","date_gmt":"2025-02-13T11:37:56","guid":{"rendered":"https:\/\/elrincondepancho.com\/?p=1647"},"modified":"2025-02-13T11:37:56","modified_gmt":"2025-02-13T11:37:56","slug":"dove-mangiare-per-la-festa-del-papa-a-tenerife","status":"publish","type":"post","link":"https:\/\/elrincondepancho.com\/it\/2025\/02\/13\/dove-mangiare-per-la-festa-del-papa-a-tenerife\/","title":{"rendered":"Dove mangiare per la festa del pap\u00e0 a Tenerife?"},"content":{"rendered":"<p>La Festa del Pap\u00e0 \u00e8 l&#8217;occasione perfetta per condividere momenti speciali e ringraziarlo per tutto ci\u00f2 che fa per noi. E quale modo migliore di celebrarlo se non con un&#8217;esperienza gastronomica indimenticabile? Se stai cercando <strong>dove mangiare la Festa del Pap\u00e0<\/strong>, il nostro <em>ristorante a Los Cristianos, Tenerife<\/em> \u00e8 il posto ideale per gustare tapas autentiche in un ambiente accogliente.<\/p>\n<p><img loading=\"lazy\" decoding=\"async\" class=\"wp-image-880 size-medium alignright\" src=\"https:\/\/elrincondepancho.com\/wp-content\/uploads\/2021\/12\/papas-arrugadas-con-2-mojos-300x231.jpg\" alt=\"\" width=\"300\" height=\"231\" srcset=\"https:\/\/elrincondepancho.com\/wp-content\/uploads\/2021\/12\/papas-arrugadas-con-2-mojos-300x231.jpg 300w, https:\/\/elrincondepancho.com\/wp-content\/uploads\/2021\/12\/papas-arrugadas-con-2-mojos-1024x789.jpg 1024w, https:\/\/elrincondepancho.com\/wp-content\/uploads\/2021\/12\/papas-arrugadas-con-2-mojos-768x592.jpg 768w, https:\/\/elrincondepancho.com\/wp-content\/uploads\/2021\/12\/papas-arrugadas-con-2-mojos.jpg 1402w\" sizes=\"auto, (max-width: 300px) 100vw, 300px\" \/><\/p>\n<p>Nel nostro men\u00f9 troverai una vasta selezione di tapas pensate per tutti i gusti. Dalle opzioni classiche come le papas arrugadas con mojo, le crocchette fatte in casa e i calamari alla andalusa, fino a proposte pi\u00f9 innovative con prodotti freschi e di prima qualit\u00e0. L&#8217;essenza delle tapas \u00e8 condividere, per questo le nostre porzioni sono ideali per godersi in famiglia e provare diversi sapori senza dover scegliere un solo piatto.<\/p>\n<p>Per questa data speciale, vogliamo che tu possa goderti ogni momento, assaporando ogni boccone in ottima compagnia. Ti consigliamo di accompagnare le tue tapas con un bicchiere di vino locale o una birra ben fredda. E, naturalmente, non pu\u00f2 mancare un dolce fatto in casa per concludere la celebrazione. Da un classico bienmesabe a una irresistibile torta di formaggio, il finale perfetto per un pasto speciale.<\/p>\n<p>Il nostro ristorante a Los Cristianos \u00e8 il luogo ideale per celebrare questa data cos\u00ec importante. Non solo per la qualit\u00e0 dei nostri piatti, ma anche per l&#8217;ambiente accogliente e il servizio eccellente. Crediamo che ogni pasto debba essere un&#8217;esperienza, per questo curiamo ogni dettaglio affinch\u00e9 tu possa goderti al massimo.<\/p>\n<p>Inoltre, sappiamo che trovare <em>dove mangiare la Festa del Pap\u00e0<\/em> pu\u00f2 essere difficile se non prenoti in anticipo. In questa data speciale, i tavoli si riempiono velocemente, quindi ti consigliamo di prenotare con anticipo per garantirti il miglior posto per te e la tua famiglia. Vogliamo che questo giorno sia indimenticabile, pieno di risate, buon cibo e momenti che rimarranno nel ricordo.<\/p>\n<p>Non perdere l&#8217;occasione di celebrare come merita. Goditi un pasto autentico, di qualit\u00e0 e nel miglior ambiente. Sorprendi pap\u00e0 con un&#8217;esperienza gastronomica unica e vivi una Festa del Pap\u00e0 indimenticabile.<\/p>\n<p>\ud83d\udcc5 <a href=\"https:\/\/elrincondepancho.com\/#contacto\">Prenota ora e celebra nel nostro ristorante a Los Cristianos, Tenerife. Ti aspettiamo con le migliori tapas!<\/a><\/p>\n","protected":false},"excerpt":{"rendered":"<p>La Festa del Pap\u00e0 \u00e8 l&#8217;occasione perfetta per condividere momenti speciali e ringraziarlo per tutto ci\u00f2 che fa per noi. E quale modo migliore di celebrarlo se non con un&#8217;esperienza gastronomica indimenticabile? Se stai cercando dove mangiare la Festa del Pap\u00e0, il nostro ristorante a Los Cristianos, Tenerife \u00e8 il posto ideale per gustare tapas<span class=\"read_more_area\"><a class=\"read-more\" href=\"https:\/\/elrincondepancho.com\/it\/2025\/02\/13\/dove-mangiare-per-la-festa-del-papa-a-tenerife\/\"> Continue Reading <\/a><\/span><\/p>\n","protected":false},"author":1,"featured_media":1635,"comment_status":"closed","ping_status":"closed","sticky":false,"template":"","format":"standard","meta":{"footnotes":""},"categories":[41],"tags":[],"class_list":["post-1647","post","type-post","status-publish","format-standard","has-post-thumbnail","hentry","category-tapas-a-tenerife-it"],"yoast_head":"<!-- This site is optimized with the Yoast SEO Premium plugin v26.2 (Yoast SEO v26.2) - https:\/\/yoast.com\/wordpress\/plugins\/seo\/ -->\n<title>Dove mangiare per la festa del pap\u00e0 a Tenerife? - El Rinc\u00f3n de Pancho<\/title>\n<meta name=\"description\" content=\"Venite nel nostro ristorante a Los Cristianos, Tenerife. Scoprite le migliori tapas e godetevi senza preoccupazioni dove mangiare per la festa del pap\u00e0.\" \/>\n<meta name=\"robots\" content=\"index, follow, max-snippet:-1, max-image-preview:large, max-video-preview:-1\" \/>\n<link rel=\"canonical\" href=\"https:\/\/elrincondepancho.com\/pl\/?p=1650\" \/>\n<meta property=\"og:locale\" content=\"it_IT\" \/>\n<meta property=\"og:type\" content=\"article\" \/>\n<meta property=\"og:title\" content=\"Dove mangiare per la festa del pap\u00e0 a Tenerife?\" \/>\n<meta property=\"og:description\" content=\"Venite nel nostro ristorante a Los Cristianos, Tenerife. Scoprite le migliori tapas e godetevi senza preoccupazioni dove mangiare per la festa del pap\u00e0.\" \/>\n<meta property=\"og:url\" content=\"https:\/\/elrincondepancho.com\/pl\/?p=1650\" \/>\n<meta property=\"og:site_name\" content=\"El Rinc\u00f3n de Pancho\" \/>\n<meta property=\"article:published_time\" content=\"2025-02-13T11:37:56+00:00\" \/>\n<meta property=\"og:image\" content=\"https:\/\/elrincondepancho.com\/wp-content\/uploads\/2025\/02\/\u00bfDonde-comer-el-Dia-del-Padre_-Disfruta-de-las-mejores-tapas-en-Los-Cristianos-Tenerife.jpg\" \/>\n\t<meta property=\"og:image:width\" content=\"1240\" \/>\n\t<meta property=\"og:image:height\" content=\"600\" \/>\n\t<meta property=\"og:image:type\" content=\"image\/jpeg\" \/>\n<meta name=\"author\" content=\"alana\" \/>\n<meta name=\"twitter:card\" content=\"summary_large_image\" \/>\n<meta name=\"twitter:label1\" content=\"Scritto da\" \/>\n\t<meta name=\"twitter:data1\" content=\"alana\" \/>\n\t<meta name=\"twitter:label2\" content=\"Tempo di lettura stimato\" \/>\n\t<meta name=\"twitter:data2\" content=\"2 minuti\" \/>\n<script type=\"application\/ld+json\" class=\"yoast-schema-graph\">{\"@context\":\"https:\/\/schema.org\",\"@graph\":[{\"@type\":\"Article\",\"@id\":\"https:\/\/elrincondepancho.com\/pl\/?p=1650#article\",\"isPartOf\":{\"@id\":\"https:\/\/elrincondepancho.com\/pl\/?p=1650\"},\"author\":{\"name\":\"alana\",\"@id\":\"https:\/\/elrincondepancho.com\/#\/schema\/person\/bfa0b977f2886f51b258b0453c49b5ee\"},\"headline\":\"Dove mangiare per la festa del pap\u00e0 a Tenerife?\",\"datePublished\":\"2025-02-13T11:37:56+00:00\",\"mainEntityOfPage\":{\"@id\":\"https:\/\/elrincondepancho.com\/pl\/?p=1650\"},\"wordCount\":369,\"publisher\":{\"@id\":\"https:\/\/elrincondepancho.com\/#organization\"},\"image\":{\"@id\":\"https:\/\/elrincondepancho.com\/pl\/?p=1650#primaryimage\"},\"thumbnailUrl\":\"https:\/\/elrincondepancho.com\/wp-content\/uploads\/2025\/02\/\u00bfDonde-comer-el-Dia-del-Padre_-Disfruta-de-las-mejores-tapas-en-Los-Cristianos-Tenerife.jpg\",\"articleSection\":[\"Tapas a Tenerife\"],\"inLanguage\":\"it-IT\"},{\"@type\":\"WebPage\",\"@id\":\"https:\/\/elrincondepancho.com\/pl\/?p=1650\",\"url\":\"https:\/\/elrincondepancho.com\/pl\/?p=1650\",\"name\":\"Dove mangiare per la festa del pap\u00e0 a Tenerife? - El Rinc\u00f3n de Pancho\",\"isPartOf\":{\"@id\":\"https:\/\/elrincondepancho.com\/#website\"},\"primaryImageOfPage\":{\"@id\":\"https:\/\/elrincondepancho.com\/pl\/?p=1650#primaryimage\"},\"image\":{\"@id\":\"https:\/\/elrincondepancho.com\/pl\/?p=1650#primaryimage\"},\"thumbnailUrl\":\"https:\/\/elrincondepancho.com\/wp-content\/uploads\/2025\/02\/\u00bfDonde-comer-el-Dia-del-Padre_-Disfruta-de-las-mejores-tapas-en-Los-Cristianos-Tenerife.jpg\",\"datePublished\":\"2025-02-13T11:37:56+00:00\",\"description\":\"Venite nel nostro ristorante a Los Cristianos, Tenerife. Scoprite le migliori tapas e godetevi senza preoccupazioni dove mangiare per la festa del pap\u00e0.\",\"breadcrumb\":{\"@id\":\"https:\/\/elrincondepancho.com\/pl\/?p=1650#breadcrumb\"},\"inLanguage\":\"it-IT\",\"potentialAction\":[{\"@type\":\"ReadAction\",\"target\":[\"https:\/\/elrincondepancho.com\/pl\/?p=1650\"]}]},{\"@type\":\"ImageObject\",\"inLanguage\":\"it-IT\",\"@id\":\"https:\/\/elrincondepancho.com\/pl\/?p=1650#primaryimage\",\"url\":\"https:\/\/elrincondepancho.com\/wp-content\/uploads\/2025\/02\/\u00bfDonde-comer-el-Dia-del-Padre_-Disfruta-de-las-mejores-tapas-en-Los-Cristianos-Tenerife.jpg\",\"contentUrl\":\"https:\/\/elrincondepancho.com\/wp-content\/uploads\/2025\/02\/\u00bfDonde-comer-el-Dia-del-Padre_-Disfruta-de-las-mejores-tapas-en-Los-Cristianos-Tenerife.jpg\",\"width\":1240,\"height\":600,\"caption\":\"\u00bfD\u00f3nde comer el D\u00eda del Padre_ Disfruta de las mejores tapas en Los Cristianos, Tenerife\"},{\"@type\":\"BreadcrumbList\",\"@id\":\"https:\/\/elrincondepancho.com\/pl\/?p=1650#breadcrumb\",\"itemListElement\":[{\"@type\":\"ListItem\",\"position\":1,\"name\":\"Portada\",\"item\":\"https:\/\/elrincondepancho.com\/it\/\"},{\"@type\":\"ListItem\",\"position\":2,\"name\":\"Dove mangiare per la festa del pap\u00e0 a Tenerife?\"}]},{\"@type\":\"WebSite\",\"@id\":\"https:\/\/elrincondepancho.com\/#website\",\"url\":\"https:\/\/elrincondepancho.com\/\",\"name\":\"El Rinc\u00f3n de Pancho\",\"description\":\"Restaurante en Tenerife\",\"publisher\":{\"@id\":\"https:\/\/elrincondepancho.com\/#organization\"},\"potentialAction\":[{\"@type\":\"SearchAction\",\"target\":{\"@type\":\"EntryPoint\",\"urlTemplate\":\"https:\/\/elrincondepancho.com\/?s={search_term_string}\"},\"query-input\":{\"@type\":\"PropertyValueSpecification\",\"valueRequired\":true,\"valueName\":\"search_term_string\"}}],\"inLanguage\":\"it-IT\"},{\"@type\":[\"Organization\",\"Place\",\"Restaurant\"],\"@id\":\"https:\/\/elrincondepancho.com\/#organization\",\"name\":\"El Rinc\u00f3n de Pancho\",\"url\":\"https:\/\/elrincondepancho.com\/\",\"logo\":{\"@id\":\"https:\/\/elrincondepancho.com\/pl\/?p=1650#local-main-organization-logo\"},\"image\":{\"@id\":\"https:\/\/elrincondepancho.com\/pl\/?p=1650#local-main-organization-logo\"},\"address\":{\"@id\":\"https:\/\/elrincondepancho.com\/pl\/?p=1650#local-main-place-address\"},\"geo\":{\"@type\":\"GeoCoordinates\",\"latitude\":\"28.0518515\",\"longitude\":\"-16.716028817\"},\"telephone\":[\"922 78 73 93\"],\"contactPoint\":{\"@type\":\"ContactPoint\",\"telephone\":\"922 78 73 93\",\"email\":\"info@elrincondepancho.com\"},\"openingHoursSpecification\":[{\"@type\":\"OpeningHoursSpecification\",\"dayOfWeek\":[\"Monday\",\"Tuesday\",\"Wednesday\",\"Thursday\",\"Friday\",\"Saturday\",\"Sunday\"],\"opens\":\"09:00\",\"closes\":\"17:00\"}],\"email\":\"info@elrincondepancho.com\",\"areaServed\":\"Los Cristianos, Tenerife\"},{\"@type\":\"Person\",\"@id\":\"https:\/\/elrincondepancho.com\/#\/schema\/person\/bfa0b977f2886f51b258b0453c49b5ee\",\"name\":\"alana\",\"image\":{\"@type\":\"ImageObject\",\"inLanguage\":\"it-IT\",\"@id\":\"https:\/\/elrincondepancho.com\/#\/schema\/person\/image\/\",\"url\":\"https:\/\/secure.gravatar.com\/avatar\/8e0c6266115797b0e6b6e0646ba9fab4dede49eea37380997f57ed77e86d5daf?s=96&d=mm&r=g\",\"contentUrl\":\"https:\/\/secure.gravatar.com\/avatar\/8e0c6266115797b0e6b6e0646ba9fab4dede49eea37380997f57ed77e86d5daf?s=96&d=mm&r=g\",\"caption\":\"alana\"},\"sameAs\":[\"https:\/\/elrincondepancho.com\"]},{\"@type\":\"PostalAddress\",\"@id\":\"https:\/\/elrincondepancho.com\/pl\/?p=1650#local-main-place-address\",\"streetAddress\":\"C. del Valle Men\u00e9ndez, 20, 38650 Los Cristianos, Santa Cruz de Tenerife\",\"addressLocality\":\"Los Cristianos\",\"postalCode\":\"38650\",\"addressRegion\":\"Santa Cruz de Tenerife\",\"addressCountry\":\"ES\"},{\"@type\":\"ImageObject\",\"inLanguage\":\"it-IT\",\"@id\":\"https:\/\/elrincondepancho.com\/pl\/?p=1650#local-main-organization-logo\",\"url\":\"https:\/\/elrincondepancho.com\/wp-content\/uploads\/2021\/12\/elrincondepancho512.png\",\"contentUrl\":\"https:\/\/elrincondepancho.com\/wp-content\/uploads\/2021\/12\/elrincondepancho512.png\",\"width\":512,\"height\":512,\"caption\":\"El Rinc\u00f3n de Pancho\"}]}<\/script>\n<meta name=\"geo.placename\" content=\"Los Cristianos\" \/>\n<meta name=\"geo.position\" content=\"28.0518515;-16.716028817\" \/>\n<meta name=\"geo.region\" content=\"Spagna\" \/>\n<!-- \/ Yoast SEO Premium plugin. -->","yoast_head_json":{"title":"Dove mangiare per la festa del pap\u00e0 a Tenerife? - El Rinc\u00f3n de Pancho","description":"Venite nel nostro ristorante a Los Cristianos, Tenerife. Scoprite le migliori tapas e godetevi senza preoccupazioni dove mangiare per la festa del pap\u00e0.","robots":{"index":"index","follow":"follow","max-snippet":"max-snippet:-1","max-image-preview":"max-image-preview:large","max-video-preview":"max-video-preview:-1"},"canonical":"https:\/\/elrincondepancho.com\/pl\/?p=1650","og_locale":"it_IT","og_type":"article","og_title":"Dove mangiare per la festa del pap\u00e0 a Tenerife?","og_description":"Venite nel nostro ristorante a Los Cristianos, Tenerife. Scoprite le migliori tapas e godetevi senza preoccupazioni dove mangiare per la festa del pap\u00e0.","og_url":"https:\/\/elrincondepancho.com\/pl\/?p=1650","og_site_name":"El Rinc\u00f3n de Pancho","article_published_time":"2025-02-13T11:37:56+00:00","og_image":[{"width":1240,"height":600,"url":"https:\/\/elrincondepancho.com\/wp-content\/uploads\/2025\/02\/\u00bfDonde-comer-el-Dia-del-Padre_-Disfruta-de-las-mejores-tapas-en-Los-Cristianos-Tenerife.jpg","type":"image\/jpeg"}],"author":"alana","twitter_card":"summary_large_image","twitter_misc":{"Scritto da":"alana","Tempo di lettura stimato":"2 minuti"},"schema":{"@context":"https:\/\/schema.org","@graph":[{"@type":"Article","@id":"https:\/\/elrincondepancho.com\/pl\/?p=1650#article","isPartOf":{"@id":"https:\/\/elrincondepancho.com\/pl\/?p=1650"},"author":{"name":"alana","@id":"https:\/\/elrincondepancho.com\/#\/schema\/person\/bfa0b977f2886f51b258b0453c49b5ee"},"headline":"Dove mangiare per la festa del pap\u00e0 a Tenerife?","datePublished":"2025-02-13T11:37:56+00:00","mainEntityOfPage":{"@id":"https:\/\/elrincondepancho.com\/pl\/?p=1650"},"wordCount":369,"publisher":{"@id":"https:\/\/elrincondepancho.com\/#organization"},"image":{"@id":"https:\/\/elrincondepancho.com\/pl\/?p=1650#primaryimage"},"thumbnailUrl":"https:\/\/elrincondepancho.com\/wp-content\/uploads\/2025\/02\/\u00bfDonde-comer-el-Dia-del-Padre_-Disfruta-de-las-mejores-tapas-en-Los-Cristianos-Tenerife.jpg","articleSection":["Tapas a Tenerife"],"inLanguage":"it-IT"},{"@type":"WebPage","@id":"https:\/\/elrincondepancho.com\/pl\/?p=1650","url":"https:\/\/elrincondepancho.com\/pl\/?p=1650","name":"Dove mangiare per la festa del pap\u00e0 a Tenerife? - El Rinc\u00f3n de Pancho","isPartOf":{"@id":"https:\/\/elrincondepancho.com\/#website"},"primaryImageOfPage":{"@id":"https:\/\/elrincondepancho.com\/pl\/?p=1650#primaryimage"},"image":{"@id":"https:\/\/elrincondepancho.com\/pl\/?p=1650#primaryimage"},"thumbnailUrl":"https:\/\/elrincondepancho.com\/wp-content\/uploads\/2025\/02\/\u00bfDonde-comer-el-Dia-del-Padre_-Disfruta-de-las-mejores-tapas-en-Los-Cristianos-Tenerife.jpg","datePublished":"2025-02-13T11:37:56+00:00","description":"Venite nel nostro ristorante a Los Cristianos, Tenerife. Scoprite le migliori tapas e godetevi senza preoccupazioni dove mangiare per la festa del pap\u00e0.","breadcrumb":{"@id":"https:\/\/elrincondepancho.com\/pl\/?p=1650#breadcrumb"},"inLanguage":"it-IT","potentialAction":[{"@type":"ReadAction","target":["https:\/\/elrincondepancho.com\/pl\/?p=1650"]}]},{"@type":"ImageObject","inLanguage":"it-IT","@id":"https:\/\/elrincondepancho.com\/pl\/?p=1650#primaryimage","url":"https:\/\/elrincondepancho.com\/wp-content\/uploads\/2025\/02\/\u00bfDonde-comer-el-Dia-del-Padre_-Disfruta-de-las-mejores-tapas-en-Los-Cristianos-Tenerife.jpg","contentUrl":"https:\/\/elrincondepancho.com\/wp-content\/uploads\/2025\/02\/\u00bfDonde-comer-el-Dia-del-Padre_-Disfruta-de-las-mejores-tapas-en-Los-Cristianos-Tenerife.jpg","width":1240,"height":600,"caption":"\u00bfD\u00f3nde comer el D\u00eda del Padre_ Disfruta de las mejores tapas en Los Cristianos, Tenerife"},{"@type":"BreadcrumbList","@id":"https:\/\/elrincondepancho.com\/pl\/?p=1650#breadcrumb","itemListElement":[{"@type":"ListItem","position":1,"name":"Portada","item":"https:\/\/elrincondepancho.com\/it\/"},{"@type":"ListItem","position":2,"name":"Dove mangiare per la festa del pap\u00e0 a Tenerife?"}]},{"@type":"WebSite","@id":"https:\/\/elrincondepancho.com\/#website","url":"https:\/\/elrincondepancho.com\/","name":"El Rinc\u00f3n de Pancho","description":"Restaurante en Tenerife","publisher":{"@id":"https:\/\/elrincondepancho.com\/#organization"},"potentialAction":[{"@type":"SearchAction","target":{"@type":"EntryPoint","urlTemplate":"https:\/\/elrincondepancho.com\/?s={search_term_string}"},"query-input":{"@type":"PropertyValueSpecification","valueRequired":true,"valueName":"search_term_string"}}],"inLanguage":"it-IT"},{"@type":["Organization","Place","Restaurant"],"@id":"https:\/\/elrincondepancho.com\/#organization","name":"El Rinc\u00f3n de Pancho","url":"https:\/\/elrincondepancho.com\/","logo":{"@id":"https:\/\/elrincondepancho.com\/pl\/?p=1650#local-main-organization-logo"},"image":{"@id":"https:\/\/elrincondepancho.com\/pl\/?p=1650#local-main-organization-logo"},"address":{"@id":"https:\/\/elrincondepancho.com\/pl\/?p=1650#local-main-place-address"},"geo":{"@type":"GeoCoordinates","latitude":"28.0518515","longitude":"-16.716028817"},"telephone":["922 78 73 93"],"contactPoint":{"@type":"ContactPoint","telephone":"922 78 73 93","email":"info@elrincondepancho.com"},"openingHoursSpecification":[{"@type":"OpeningHoursSpecification","dayOfWeek":["Monday","Tuesday","Wednesday","Thursday","Friday","Saturday","Sunday"],"opens":"09:00","closes":"17:00"}],"email":"info@elrincondepancho.com","areaServed":"Los Cristianos, Tenerife"},{"@type":"Person","@id":"https:\/\/elrincondepancho.com\/#\/schema\/person\/bfa0b977f2886f51b258b0453c49b5ee","name":"alana","image":{"@type":"ImageObject","inLanguage":"it-IT","@id":"https:\/\/elrincondepancho.com\/#\/schema\/person\/image\/","url":"https:\/\/secure.gravatar.com\/avatar\/8e0c6266115797b0e6b6e0646ba9fab4dede49eea37380997f57ed77e86d5daf?s=96&d=mm&r=g","contentUrl":"https:\/\/secure.gravatar.com\/avatar\/8e0c6266115797b0e6b6e0646ba9fab4dede49eea37380997f57ed77e86d5daf?s=96&d=mm&r=g","caption":"alana"},"sameAs":["https:\/\/elrincondepancho.com"]},{"@type":"PostalAddress","@id":"https:\/\/elrincondepancho.com\/pl\/?p=1650#local-main-place-address","streetAddress":"C. del Valle Men\u00e9ndez, 20, 38650 Los Cristianos, Santa Cruz de Tenerife","addressLocality":"Los Cristianos","postalCode":"38650","addressRegion":"Santa Cruz de Tenerife","addressCountry":"ES"},{"@type":"ImageObject","inLanguage":"it-IT","@id":"https:\/\/elrincondepancho.com\/pl\/?p=1650#local-main-organization-logo","url":"https:\/\/elrincondepancho.com\/wp-content\/uploads\/2021\/12\/elrincondepancho512.png","contentUrl":"https:\/\/elrincondepancho.com\/wp-content\/uploads\/2021\/12\/elrincondepancho512.png","width":512,"height":512,"caption":"El Rinc\u00f3n de Pancho"}]},"geo.placename":"Los Cristianos","geo.position":{"lat":"28.0518515","long":"-16.716028817"},"geo.region":"Spagna"},"_links":{"self":[{"href":"https:\/\/elrincondepancho.com\/it\/wp-json\/wp\/v2\/posts\/1647","targetHints":{"allow":["GET"]}}],"collection":[{"href":"https:\/\/elrincondepancho.com\/it\/wp-json\/wp\/v2\/posts"}],"about":[{"href":"https:\/\/elrincondepancho.com\/it\/wp-json\/wp\/v2\/types\/post"}],"author":[{"embeddable":true,"href":"https:\/\/elrincondepancho.com\/it\/wp-json\/wp\/v2\/users\/1"}],"replies":[{"embeddable":true,"href":"https:\/\/elrincondepancho.com\/it\/wp-json\/wp\/v2\/comments?post=1647"}],"version-history":[{"count":1,"href":"https:\/\/elrincondepancho.com\/it\/wp-json\/wp\/v2\/posts\/1647\/revisions"}],"predecessor-version":[{"id":1649,"href":"https:\/\/elrincondepancho.com\/it\/wp-json\/wp\/v2\/posts\/1647\/revisions\/1649"}],"wp:featuredmedia":[{"embeddable":true,"href":"https:\/\/elrincondepancho.com\/it\/wp-json\/wp\/v2\/media\/1635"}],"wp:attachment":[{"href":"https:\/\/elrincondepancho.com\/it\/wp-json\/wp\/v2\/media?parent=1647"}],"wp:term":[{"taxonomy":"category","embeddable":true,"href":"https:\/\/elrincondepancho.com\/it\/wp-json\/wp\/v2\/categories?post=1647"},{"taxonomy":"post_tag","embeddable":true,"href":"https:\/\/elrincondepancho.com\/it\/wp-json\/wp\/v2\/tags?post=1647"}],"curies":[{"name":"wp","href":"https:\/\/api.w.org\/{rel}","templated":true}]}}