{"id":1447,"date":"2024-10-17T10:44:16","date_gmt":"2024-10-17T10:44:16","guid":{"rendered":"https:\/\/elrincondepancho.com\/?p=1447"},"modified":"2024-10-17T10:44:16","modified_gmt":"2024-10-17T10:44:16","slug":"daj-sie-uwiesc-smakowi-tapas-na-teneryfie","status":"publish","type":"post","link":"https:\/\/elrincondepancho.com\/pl\/2024\/10\/17\/daj-sie-uwiesc-smakowi-tapas-na-teneryfie\/","title":{"rendered":"Daj si\u0119 uwie\u015b\u0107 smakowi tapas na Teneryfie!"},"content":{"rendered":"<p>Tenerife, z jej imponuj\u0105cym pi\u0119knem naturalnym i zazdrosn\u0105 pogod\u0105, jest tak\u017ce rajem dla mi\u0142o\u015bnik\u00f3w dobrej kuchni. Je\u015bli lubisz dzieli\u0107 si\u0119 wyj\u0105tkowymi chwilami przy stole, nie mo\u017cesz przegapi\u0107 do\u015bwiadczenia <strong>tapas na Teneryfie<\/strong>! Ten pyszny rytua\u0142 kulinarny to nie tylko spos\u00f3b jedzenia, ale tak\u017ce celebracja \u017cycia i towarzystwa.<\/p>\n<p><strong>Co to s\u0105 tapas?<\/strong><\/p>\n<p>Tapas to ma\u0142e przysmaki idealne do dzielenia si\u0119 i cieszenia si\u0119 nimi. W naszej restauracji oferujemy menu, kt\u00f3re odzwierciedla esencj\u0119 kuchni kanaryjskiej. Spr\u00f3buj almogrote, mieszanki o konsystencji pasty, zrobionej z twardego, dojrza\u0142ego sera i odrobiny pikantno\u015bci, kt\u00f3ra zachwyci Twoje zmys\u0142y. Lub delektuj si\u0119 naszym serem z grilla, podawanym z dwoma rodzajami mojo, kt\u00f3re nadaj\u0105 ka\u017cdemu k\u0119sowi nieodparty smak.<\/p>\n<p><strong><img loading=\"lazy\" decoding=\"async\" class=\"wp-image-1128 size-medium alignright\" src=\"https:\/\/elrincondepancho.com\/wp-content\/uploads\/2021\/12\/2021-12-04-20.51.44-300x225.jpg\" alt=\"\" width=\"300\" height=\"225\" \/>Niezwyk\u0142a R\u00f3\u017cnorodno\u015b\u0107<\/strong><br \/>\nAle to nie wszystko. Zapraszamy do odkrywania naszej r\u00f3\u017cnorodno\u015bci tapas, kt\u00f3re zaskakuj\u0105 na ka\u017cdym kroku. Od naszych chrupi\u0105cych panierowanych pieczarek po klasyczne wrinkled potatoes z mojo, ka\u017cde danie opowiada histori\u0119 lokalnych smak\u00f3w. Ponadto <strong>Deska Ser\u00f3w<\/strong> i <strong>Sa\u0142atki Ruskie<\/strong> to idealne opcje do dzielenia si\u0119 i cieszenia si\u0119 w dobrym towarzystwie. R\u00f3\u017cnorodno\u015b\u0107 to nasza specjalno\u015b\u0107, a ka\u017cda wizyta obiecuje now\u0105 kulinarn\u0105 przygod\u0119!<\/p>\n<p><strong>Przytulna Atmosfera do Dzielenia si\u0119<\/strong><br \/>\nTapas to nie tylko jedzenie; to tak\u017ce spos\u00f3b na nawi\u0105zywanie kontaktu. W naszej restauracji panuje ciep\u0142a i przytulna atmosfera, idealna do sp\u0119dzenia niezapomnianego wieczoru w\u015br\u00f3d przyjaci\u00f3\u0142 lub rodziny. Tutaj ka\u017cde danie, kt\u00f3re dzielisz, staje si\u0119 okazj\u0105 do tworzenia wspomnie\u0144.<\/p>\n<p><strong>Idealne Po\u0142\u0105czenie z Wykwintnymi Winami<\/strong><br \/>\nAby jeszcze bardziej podnie\u015b\u0107 Twoje do\u015bwiadczenie, mamy starannie wybran\u0105 selekcj\u0119 win, kt\u00f3re doskonale komponuj\u0105 si\u0119 z naszymi tapas. Od mocnych czerwonych win, kt\u00f3re uzupe\u0142niaj\u0105 mi\u0119sa i intensywne smaki, po \u015bwie\u017ce bia\u0142e wina, kt\u00f3re podkre\u015blaj\u0105 sa\u0142atki i l\u017cejsze tapas. Z pewno\u015bci\u0105 znajdziesz idealne po\u0142\u0105czenie, aby cieszy\u0107 si\u0119 ka\u017cdym k\u0119sem i wznosi\u0107 toast za wyj\u0105tkowe chwile.<\/p>\n<p><strong>Twoja Nast\u0119pna Kulinarna Przygoda Czeka!<\/strong><br \/>\nJe\u015bli szukasz idealnego miejsca, aby cieszy\u0107 si\u0119 <strong>tapas na Teneryfie<\/strong>, nie szukaj dalej: nasza restauracja to idealny cel. Przyjd\u017a, zrelaksuj si\u0119 i daj si\u0119 ponie\u015b\u0107 kulinarnemu do\u015bwiadczeniu, kt\u00f3re celebruje bogactwo kanaryjskich smak\u00f3w. <a href=\"https:\/\/elrincondepancho.com\/pl\/#contacto\">Czekamy na Ciebie z otwartymi ramionami i talerzem pe\u0142nym mi\u0142o\u015bci i smaku!<\/a><\/p>\n","protected":false},"excerpt":{"rendered":"<p>Tenerife, z jej imponuj\u0105cym pi\u0119knem naturalnym i zazdrosn\u0105 pogod\u0105, jest tak\u017ce rajem dla mi\u0142o\u015bnik\u00f3w dobrej kuchni. Je\u015bli lubisz dzieli\u0107 si\u0119 wyj\u0105tkowymi chwilami przy stole, nie mo\u017cesz przegapi\u0107 do\u015bwiadczenia tapas na Teneryfie! Ten pyszny rytua\u0142 kulinarny to nie tylko spos\u00f3b jedzenia, ale tak\u017ce celebracja \u017cycia i towarzystwa. Co to s\u0105 tapas? Tapas to ma\u0142e przysmaki idealne<span class=\"read_more_area\"><a class=\"read-more\" href=\"https:\/\/elrincondepancho.com\/pl\/2024\/10\/17\/daj-sie-uwiesc-smakowi-tapas-na-teneryfie\/\"> Continue Reading <\/a><\/span><\/p>\n","protected":false},"author":1,"featured_media":1435,"comment_status":"closed","ping_status":"closed","sticky":false,"template":"","format":"standard","meta":{"footnotes":""},"categories":[42],"tags":[],"class_list":["post-1447","post","type-post","status-publish","format-standard","has-post-thumbnail","hentry","category-tapas-na-teneryfie"],"yoast_head":"<!-- This site is optimized with the Yoast SEO Premium plugin v26.2 (Yoast SEO v26.2) - https:\/\/yoast.com\/wordpress\/plugins\/seo\/ -->\n<title>Daj si\u0119 uwie\u015b\u0107 smakowi tapas na Teneryfie! - El Rinc\u00f3n de Pancho<\/title>\n<meta name=\"description\" content=\"Odkryj najlepsze tapas na Teneryfie. Ciesz si\u0119 wyj\u0105tkowym do\u015bwiadczeniem gastronomicznym w przytulnej atmosferze.\" \/>\n<meta name=\"robots\" content=\"index, follow, max-snippet:-1, max-image-preview:large, max-video-preview:-1\" \/>\n<link rel=\"canonical\" href=\"https:\/\/elrincondepancho.com\/pl\/2024\/10\/17\/daj-sie-uwiesc-smakowi-tapas-na-teneryfie\/\" \/>\n<meta property=\"og:locale\" content=\"pl_PL\" \/>\n<meta property=\"og:type\" content=\"article\" \/>\n<meta property=\"og:title\" content=\"Daj si\u0119 uwie\u015b\u0107 smakowi tapas na Teneryfie!\" \/>\n<meta property=\"og:description\" content=\"Odkryj najlepsze tapas na Teneryfie. Ciesz si\u0119 wyj\u0105tkowym do\u015bwiadczeniem gastronomicznym w przytulnej atmosferze.\" \/>\n<meta property=\"og:url\" content=\"https:\/\/elrincondepancho.com\/pl\/2024\/10\/17\/daj-sie-uwiesc-smakowi-tapas-na-teneryfie\/\" \/>\n<meta property=\"og:site_name\" content=\"El Rinc\u00f3n de Pancho\" \/>\n<meta property=\"article:published_time\" content=\"2024-10-17T10:44:16+00:00\" \/>\n<meta property=\"og:image\" content=\"https:\/\/elrincondepancho.com\/wp-content\/uploads\/2024\/10\/tapas-en-tenerife-1.jpg\" \/>\n\t<meta property=\"og:image:width\" content=\"1240\" \/>\n\t<meta property=\"og:image:height\" content=\"600\" \/>\n\t<meta property=\"og:image:type\" content=\"image\/jpeg\" \/>\n<meta name=\"author\" content=\"alana\" \/>\n<meta name=\"twitter:card\" content=\"summary_large_image\" \/>\n<meta name=\"twitter:label1\" content=\"Napisane przez\" \/>\n\t<meta name=\"twitter:data1\" content=\"alana\" \/>\n\t<meta name=\"twitter:label2\" content=\"Szacowany czas czytania\" \/>\n\t<meta name=\"twitter:data2\" content=\"2 minuty\" \/>\n<script type=\"application\/ld+json\" class=\"yoast-schema-graph\">{\"@context\":\"https:\/\/schema.org\",\"@graph\":[{\"@type\":\"Article\",\"@id\":\"https:\/\/elrincondepancho.com\/pl\/2024\/10\/17\/daj-sie-uwiesc-smakowi-tapas-na-teneryfie\/#article\",\"isPartOf\":{\"@id\":\"https:\/\/elrincondepancho.com\/pl\/2024\/10\/17\/daj-sie-uwiesc-smakowi-tapas-na-teneryfie\/\"},\"author\":{\"name\":\"alana\",\"@id\":\"https:\/\/elrincondepancho.com\/#\/schema\/person\/bfa0b977f2886f51b258b0453c49b5ee\"},\"headline\":\"Daj si\u0119 uwie\u015b\u0107 smakowi tapas na Teneryfie!\",\"datePublished\":\"2024-10-17T10:44:16+00:00\",\"mainEntityOfPage\":{\"@id\":\"https:\/\/elrincondepancho.com\/pl\/2024\/10\/17\/daj-sie-uwiesc-smakowi-tapas-na-teneryfie\/\"},\"wordCount\":399,\"publisher\":{\"@id\":\"https:\/\/elrincondepancho.com\/#organization\"},\"image\":{\"@id\":\"https:\/\/elrincondepancho.com\/pl\/2024\/10\/17\/daj-sie-uwiesc-smakowi-tapas-na-teneryfie\/#primaryimage\"},\"thumbnailUrl\":\"https:\/\/elrincondepancho.com\/wp-content\/uploads\/2024\/10\/tapas-en-tenerife-1.jpg\",\"articleSection\":[\"Tapas na Teneryfie\"],\"inLanguage\":\"pl-PL\"},{\"@type\":\"WebPage\",\"@id\":\"https:\/\/elrincondepancho.com\/pl\/2024\/10\/17\/daj-sie-uwiesc-smakowi-tapas-na-teneryfie\/\",\"url\":\"https:\/\/elrincondepancho.com\/pl\/2024\/10\/17\/daj-sie-uwiesc-smakowi-tapas-na-teneryfie\/\",\"name\":\"Daj si\u0119 uwie\u015b\u0107 smakowi tapas na Teneryfie! - El Rinc\u00f3n de Pancho\",\"isPartOf\":{\"@id\":\"https:\/\/elrincondepancho.com\/#website\"},\"primaryImageOfPage\":{\"@id\":\"https:\/\/elrincondepancho.com\/pl\/2024\/10\/17\/daj-sie-uwiesc-smakowi-tapas-na-teneryfie\/#primaryimage\"},\"image\":{\"@id\":\"https:\/\/elrincondepancho.com\/pl\/2024\/10\/17\/daj-sie-uwiesc-smakowi-tapas-na-teneryfie\/#primaryimage\"},\"thumbnailUrl\":\"https:\/\/elrincondepancho.com\/wp-content\/uploads\/2024\/10\/tapas-en-tenerife-1.jpg\",\"datePublished\":\"2024-10-17T10:44:16+00:00\",\"description\":\"Odkryj najlepsze tapas na Teneryfie. Ciesz si\u0119 wyj\u0105tkowym do\u015bwiadczeniem gastronomicznym w przytulnej atmosferze.\",\"breadcrumb\":{\"@id\":\"https:\/\/elrincondepancho.com\/pl\/2024\/10\/17\/daj-sie-uwiesc-smakowi-tapas-na-teneryfie\/#breadcrumb\"},\"inLanguage\":\"pl-PL\",\"potentialAction\":[{\"@type\":\"ReadAction\",\"target\":[\"https:\/\/elrincondepancho.com\/pl\/2024\/10\/17\/daj-sie-uwiesc-smakowi-tapas-na-teneryfie\/\"]}]},{\"@type\":\"ImageObject\",\"inLanguage\":\"pl-PL\",\"@id\":\"https:\/\/elrincondepancho.com\/pl\/2024\/10\/17\/daj-sie-uwiesc-smakowi-tapas-na-teneryfie\/#primaryimage\",\"url\":\"https:\/\/elrincondepancho.com\/wp-content\/uploads\/2024\/10\/tapas-en-tenerife-1.jpg\",\"contentUrl\":\"https:\/\/elrincondepancho.com\/wp-content\/uploads\/2024\/10\/tapas-en-tenerife-1.jpg\",\"width\":1240,\"height\":600,\"caption\":\"tapas en tenerife\"},{\"@type\":\"BreadcrumbList\",\"@id\":\"https:\/\/elrincondepancho.com\/pl\/2024\/10\/17\/daj-sie-uwiesc-smakowi-tapas-na-teneryfie\/#breadcrumb\",\"itemListElement\":[{\"@type\":\"ListItem\",\"position\":1,\"name\":\"Portada\",\"item\":\"https:\/\/elrincondepancho.com\/pl\/\"},{\"@type\":\"ListItem\",\"position\":2,\"name\":\"Daj si\u0119 uwie\u015b\u0107 smakowi tapas na Teneryfie!\"}]},{\"@type\":\"WebSite\",\"@id\":\"https:\/\/elrincondepancho.com\/#website\",\"url\":\"https:\/\/elrincondepancho.com\/\",\"name\":\"El Rinc\u00f3n de Pancho\",\"description\":\"Restaurante en Tenerife\",\"publisher\":{\"@id\":\"https:\/\/elrincondepancho.com\/#organization\"},\"potentialAction\":[{\"@type\":\"SearchAction\",\"target\":{\"@type\":\"EntryPoint\",\"urlTemplate\":\"https:\/\/elrincondepancho.com\/?s={search_term_string}\"},\"query-input\":{\"@type\":\"PropertyValueSpecification\",\"valueRequired\":true,\"valueName\":\"search_term_string\"}}],\"inLanguage\":\"pl-PL\"},{\"@type\":[\"Organization\",\"Place\",\"Restaurant\"],\"@id\":\"https:\/\/elrincondepancho.com\/#organization\",\"name\":\"El Rinc\u00f3n de Pancho\",\"url\":\"https:\/\/elrincondepancho.com\/\",\"logo\":{\"@id\":\"https:\/\/elrincondepancho.com\/pl\/2024\/10\/17\/daj-sie-uwiesc-smakowi-tapas-na-teneryfie\/#local-main-organization-logo\"},\"image\":{\"@id\":\"https:\/\/elrincondepancho.com\/pl\/2024\/10\/17\/daj-sie-uwiesc-smakowi-tapas-na-teneryfie\/#local-main-organization-logo\"},\"address\":{\"@id\":\"https:\/\/elrincondepancho.com\/pl\/2024\/10\/17\/daj-sie-uwiesc-smakowi-tapas-na-teneryfie\/#local-main-place-address\"},\"geo\":{\"@type\":\"GeoCoordinates\",\"latitude\":\"28.0518515\",\"longitude\":\"-16.716028817\"},\"telephone\":[\"922 78 73 93\"],\"contactPoint\":{\"@type\":\"ContactPoint\",\"telephone\":\"922 78 73 93\",\"email\":\"info@elrincondepancho.com\"},\"openingHoursSpecification\":[{\"@type\":\"OpeningHoursSpecification\",\"dayOfWeek\":[\"Monday\",\"Tuesday\",\"Wednesday\",\"Thursday\",\"Friday\",\"Saturday\",\"Sunday\"],\"opens\":\"09:00\",\"closes\":\"17:00\"}],\"email\":\"info@elrincondepancho.com\",\"areaServed\":\"Los Cristianos, Tenerife\"},{\"@type\":\"Person\",\"@id\":\"https:\/\/elrincondepancho.com\/#\/schema\/person\/bfa0b977f2886f51b258b0453c49b5ee\",\"name\":\"alana\",\"image\":{\"@type\":\"ImageObject\",\"inLanguage\":\"pl-PL\",\"@id\":\"https:\/\/elrincondepancho.com\/#\/schema\/person\/image\/\",\"url\":\"https:\/\/secure.gravatar.com\/avatar\/8e0c6266115797b0e6b6e0646ba9fab4dede49eea37380997f57ed77e86d5daf?s=96&d=mm&r=g\",\"contentUrl\":\"https:\/\/secure.gravatar.com\/avatar\/8e0c6266115797b0e6b6e0646ba9fab4dede49eea37380997f57ed77e86d5daf?s=96&d=mm&r=g\",\"caption\":\"alana\"},\"sameAs\":[\"https:\/\/elrincondepancho.com\"]},{\"@type\":\"PostalAddress\",\"@id\":\"https:\/\/elrincondepancho.com\/pl\/2024\/10\/17\/daj-sie-uwiesc-smakowi-tapas-na-teneryfie\/#local-main-place-address\",\"streetAddress\":\"C. del Valle Men\u00e9ndez, 20, 38650 Los Cristianos, Santa Cruz de Tenerife\",\"addressLocality\":\"Los Cristianos\",\"postalCode\":\"38650\",\"addressRegion\":\"Santa Cruz de Tenerife\",\"addressCountry\":\"ES\"},{\"@type\":\"ImageObject\",\"inLanguage\":\"pl-PL\",\"@id\":\"https:\/\/elrincondepancho.com\/pl\/2024\/10\/17\/daj-sie-uwiesc-smakowi-tapas-na-teneryfie\/#local-main-organization-logo\",\"url\":\"https:\/\/elrincondepancho.com\/wp-content\/uploads\/2021\/12\/elrincondepancho512.png\",\"contentUrl\":\"https:\/\/elrincondepancho.com\/wp-content\/uploads\/2021\/12\/elrincondepancho512.png\",\"width\":512,\"height\":512,\"caption\":\"El Rinc\u00f3n de Pancho\"}]}<\/script>\n<meta name=\"geo.placename\" content=\"Los Cristianos\" \/>\n<meta name=\"geo.position\" content=\"28.0518515;-16.716028817\" \/>\n<meta name=\"geo.region\" content=\"Hiszpania\" \/>\n<!-- \/ Yoast SEO Premium plugin. -->","yoast_head_json":{"title":"Daj si\u0119 uwie\u015b\u0107 smakowi tapas na Teneryfie! - El Rinc\u00f3n de Pancho","description":"Odkryj najlepsze tapas na Teneryfie. Ciesz si\u0119 wyj\u0105tkowym do\u015bwiadczeniem gastronomicznym w przytulnej atmosferze.","robots":{"index":"index","follow":"follow","max-snippet":"max-snippet:-1","max-image-preview":"max-image-preview:large","max-video-preview":"max-video-preview:-1"},"canonical":"https:\/\/elrincondepancho.com\/pl\/2024\/10\/17\/daj-sie-uwiesc-smakowi-tapas-na-teneryfie\/","og_locale":"pl_PL","og_type":"article","og_title":"Daj si\u0119 uwie\u015b\u0107 smakowi tapas na Teneryfie!","og_description":"Odkryj najlepsze tapas na Teneryfie. Ciesz si\u0119 wyj\u0105tkowym do\u015bwiadczeniem gastronomicznym w przytulnej atmosferze.","og_url":"https:\/\/elrincondepancho.com\/pl\/2024\/10\/17\/daj-sie-uwiesc-smakowi-tapas-na-teneryfie\/","og_site_name":"El Rinc\u00f3n de Pancho","article_published_time":"2024-10-17T10:44:16+00:00","og_image":[{"width":1240,"height":600,"url":"https:\/\/elrincondepancho.com\/wp-content\/uploads\/2024\/10\/tapas-en-tenerife-1.jpg","type":"image\/jpeg"}],"author":"alana","twitter_card":"summary_large_image","twitter_misc":{"Napisane przez":"alana","Szacowany czas czytania":"2 minuty"},"schema":{"@context":"https:\/\/schema.org","@graph":[{"@type":"Article","@id":"https:\/\/elrincondepancho.com\/pl\/2024\/10\/17\/daj-sie-uwiesc-smakowi-tapas-na-teneryfie\/#article","isPartOf":{"@id":"https:\/\/elrincondepancho.com\/pl\/2024\/10\/17\/daj-sie-uwiesc-smakowi-tapas-na-teneryfie\/"},"author":{"name":"alana","@id":"https:\/\/elrincondepancho.com\/#\/schema\/person\/bfa0b977f2886f51b258b0453c49b5ee"},"headline":"Daj si\u0119 uwie\u015b\u0107 smakowi tapas na Teneryfie!","datePublished":"2024-10-17T10:44:16+00:00","mainEntityOfPage":{"@id":"https:\/\/elrincondepancho.com\/pl\/2024\/10\/17\/daj-sie-uwiesc-smakowi-tapas-na-teneryfie\/"},"wordCount":399,"publisher":{"@id":"https:\/\/elrincondepancho.com\/#organization"},"image":{"@id":"https:\/\/elrincondepancho.com\/pl\/2024\/10\/17\/daj-sie-uwiesc-smakowi-tapas-na-teneryfie\/#primaryimage"},"thumbnailUrl":"https:\/\/elrincondepancho.com\/wp-content\/uploads\/2024\/10\/tapas-en-tenerife-1.jpg","articleSection":["Tapas na Teneryfie"],"inLanguage":"pl-PL"},{"@type":"WebPage","@id":"https:\/\/elrincondepancho.com\/pl\/2024\/10\/17\/daj-sie-uwiesc-smakowi-tapas-na-teneryfie\/","url":"https:\/\/elrincondepancho.com\/pl\/2024\/10\/17\/daj-sie-uwiesc-smakowi-tapas-na-teneryfie\/","name":"Daj si\u0119 uwie\u015b\u0107 smakowi tapas na Teneryfie! - El Rinc\u00f3n de Pancho","isPartOf":{"@id":"https:\/\/elrincondepancho.com\/#website"},"primaryImageOfPage":{"@id":"https:\/\/elrincondepancho.com\/pl\/2024\/10\/17\/daj-sie-uwiesc-smakowi-tapas-na-teneryfie\/#primaryimage"},"image":{"@id":"https:\/\/elrincondepancho.com\/pl\/2024\/10\/17\/daj-sie-uwiesc-smakowi-tapas-na-teneryfie\/#primaryimage"},"thumbnailUrl":"https:\/\/elrincondepancho.com\/wp-content\/uploads\/2024\/10\/tapas-en-tenerife-1.jpg","datePublished":"2024-10-17T10:44:16+00:00","description":"Odkryj najlepsze tapas na Teneryfie. Ciesz si\u0119 wyj\u0105tkowym do\u015bwiadczeniem gastronomicznym w przytulnej atmosferze.","breadcrumb":{"@id":"https:\/\/elrincondepancho.com\/pl\/2024\/10\/17\/daj-sie-uwiesc-smakowi-tapas-na-teneryfie\/#breadcrumb"},"inLanguage":"pl-PL","potentialAction":[{"@type":"ReadAction","target":["https:\/\/elrincondepancho.com\/pl\/2024\/10\/17\/daj-sie-uwiesc-smakowi-tapas-na-teneryfie\/"]}]},{"@type":"ImageObject","inLanguage":"pl-PL","@id":"https:\/\/elrincondepancho.com\/pl\/2024\/10\/17\/daj-sie-uwiesc-smakowi-tapas-na-teneryfie\/#primaryimage","url":"https:\/\/elrincondepancho.com\/wp-content\/uploads\/2024\/10\/tapas-en-tenerife-1.jpg","contentUrl":"https:\/\/elrincondepancho.com\/wp-content\/uploads\/2024\/10\/tapas-en-tenerife-1.jpg","width":1240,"height":600,"caption":"tapas en tenerife"},{"@type":"BreadcrumbList","@id":"https:\/\/elrincondepancho.com\/pl\/2024\/10\/17\/daj-sie-uwiesc-smakowi-tapas-na-teneryfie\/#breadcrumb","itemListElement":[{"@type":"ListItem","position":1,"name":"Portada","item":"https:\/\/elrincondepancho.com\/pl\/"},{"@type":"ListItem","position":2,"name":"Daj si\u0119 uwie\u015b\u0107 smakowi tapas na Teneryfie!"}]},{"@type":"WebSite","@id":"https:\/\/elrincondepancho.com\/#website","url":"https:\/\/elrincondepancho.com\/","name":"El Rinc\u00f3n de Pancho","description":"Restaurante en Tenerife","publisher":{"@id":"https:\/\/elrincondepancho.com\/#organization"},"potentialAction":[{"@type":"SearchAction","target":{"@type":"EntryPoint","urlTemplate":"https:\/\/elrincondepancho.com\/?s={search_term_string}"},"query-input":{"@type":"PropertyValueSpecification","valueRequired":true,"valueName":"search_term_string"}}],"inLanguage":"pl-PL"},{"@type":["Organization","Place","Restaurant"],"@id":"https:\/\/elrincondepancho.com\/#organization","name":"El Rinc\u00f3n de Pancho","url":"https:\/\/elrincondepancho.com\/","logo":{"@id":"https:\/\/elrincondepancho.com\/pl\/2024\/10\/17\/daj-sie-uwiesc-smakowi-tapas-na-teneryfie\/#local-main-organization-logo"},"image":{"@id":"https:\/\/elrincondepancho.com\/pl\/2024\/10\/17\/daj-sie-uwiesc-smakowi-tapas-na-teneryfie\/#local-main-organization-logo"},"address":{"@id":"https:\/\/elrincondepancho.com\/pl\/2024\/10\/17\/daj-sie-uwiesc-smakowi-tapas-na-teneryfie\/#local-main-place-address"},"geo":{"@type":"GeoCoordinates","latitude":"28.0518515","longitude":"-16.716028817"},"telephone":["922 78 73 93"],"contactPoint":{"@type":"ContactPoint","telephone":"922 78 73 93","email":"info@elrincondepancho.com"},"openingHoursSpecification":[{"@type":"OpeningHoursSpecification","dayOfWeek":["Monday","Tuesday","Wednesday","Thursday","Friday","Saturday","Sunday"],"opens":"09:00","closes":"17:00"}],"email":"info@elrincondepancho.com","areaServed":"Los Cristianos, Tenerife"},{"@type":"Person","@id":"https:\/\/elrincondepancho.com\/#\/schema\/person\/bfa0b977f2886f51b258b0453c49b5ee","name":"alana","image":{"@type":"ImageObject","inLanguage":"pl-PL","@id":"https:\/\/elrincondepancho.com\/#\/schema\/person\/image\/","url":"https:\/\/secure.gravatar.com\/avatar\/8e0c6266115797b0e6b6e0646ba9fab4dede49eea37380997f57ed77e86d5daf?s=96&d=mm&r=g","contentUrl":"https:\/\/secure.gravatar.com\/avatar\/8e0c6266115797b0e6b6e0646ba9fab4dede49eea37380997f57ed77e86d5daf?s=96&d=mm&r=g","caption":"alana"},"sameAs":["https:\/\/elrincondepancho.com"]},{"@type":"PostalAddress","@id":"https:\/\/elrincondepancho.com\/pl\/2024\/10\/17\/daj-sie-uwiesc-smakowi-tapas-na-teneryfie\/#local-main-place-address","streetAddress":"C. del Valle Men\u00e9ndez, 20, 38650 Los Cristianos, Santa Cruz de Tenerife","addressLocality":"Los Cristianos","postalCode":"38650","addressRegion":"Santa Cruz de Tenerife","addressCountry":"ES"},{"@type":"ImageObject","inLanguage":"pl-PL","@id":"https:\/\/elrincondepancho.com\/pl\/2024\/10\/17\/daj-sie-uwiesc-smakowi-tapas-na-teneryfie\/#local-main-organization-logo","url":"https:\/\/elrincondepancho.com\/wp-content\/uploads\/2021\/12\/elrincondepancho512.png","contentUrl":"https:\/\/elrincondepancho.com\/wp-content\/uploads\/2021\/12\/elrincondepancho512.png","width":512,"height":512,"caption":"El Rinc\u00f3n de Pancho"}]},"geo.placename":"Los Cristianos","geo.position":{"lat":"28.0518515","long":"-16.716028817"},"geo.region":"Hiszpania"},"_links":{"self":[{"href":"https:\/\/elrincondepancho.com\/pl\/wp-json\/wp\/v2\/posts\/1447","targetHints":{"allow":["GET"]}}],"collection":[{"href":"https:\/\/elrincondepancho.com\/pl\/wp-json\/wp\/v2\/posts"}],"about":[{"href":"https:\/\/elrincondepancho.com\/pl\/wp-json\/wp\/v2\/types\/post"}],"author":[{"embeddable":true,"href":"https:\/\/elrincondepancho.com\/pl\/wp-json\/wp\/v2\/users\/1"}],"replies":[{"embeddable":true,"href":"https:\/\/elrincondepancho.com\/pl\/wp-json\/wp\/v2\/comments?post=1447"}],"version-history":[{"count":1,"href":"https:\/\/elrincondepancho.com\/pl\/wp-json\/wp\/v2\/posts\/1447\/revisions"}],"predecessor-version":[{"id":1448,"href":"https:\/\/elrincondepancho.com\/pl\/wp-json\/wp\/v2\/posts\/1447\/revisions\/1448"}],"wp:featuredmedia":[{"embeddable":true,"href":"https:\/\/elrincondepancho.com\/pl\/wp-json\/wp\/v2\/media\/1435"}],"wp:attachment":[{"href":"https:\/\/elrincondepancho.com\/pl\/wp-json\/wp\/v2\/media?parent=1447"}],"wp:term":[{"taxonomy":"category","embeddable":true,"href":"https:\/\/elrincondepancho.com\/pl\/wp-json\/wp\/v2\/categories?post=1447"},{"taxonomy":"post_tag","embeddable":true,"href":"https:\/\/elrincondepancho.com\/pl\/wp-json\/wp\/v2\/tags?post=1447"}],"curies":[{"name":"wp","href":"https:\/\/api.w.org\/{rel}","templated":true}]}}