{"id":1650,"date":"2025-02-13T11:40:07","date_gmt":"2025-02-13T11:40:07","guid":{"rendered":"https:\/\/elrincondepancho.com\/?p=1650"},"modified":"2025-02-13T11:40:07","modified_gmt":"2025-02-13T11:40:07","slug":"gdzie-zjesc-w-dzien-ojca-na-teneryfie","status":"publish","type":"post","link":"https:\/\/elrincondepancho.com\/pl\/2025\/02\/13\/gdzie-zjesc-w-dzien-ojca-na-teneryfie\/","title":{"rendered":"Gdzie zje\u015b\u0107 w Dzie\u0144 Ojca na Teneryfie?"},"content":{"rendered":"<p>Dzie\u0144 Ojca to idealna okazja, aby dzieli\u0107 si\u0119 specjalnymi chwilami i podzi\u0119kowa\u0107 za wszystko, co robi dla nas. A co mo\u017ce by\u0107 lepszym sposobem na \u015bwi\u0119towanie ni\u017c niezapomniane do\u015bwiadczenie kulinarne? Je\u015bli szukasz <strong>gdzie zje\u015b\u0107 w Dzie\u0144 Ojca<\/strong>, nasza <em>restauracja w Los Cristianos na Teneryfie<\/em> to idealne miejsce, aby cieszy\u0107 si\u0119 autentycznymi tapas w przytulnej atmosferze.<\/p>\n<p><img loading=\"lazy\" decoding=\"async\" class=\"wp-image-880 size-medium alignright\" src=\"https:\/\/elrincondepancho.com\/wp-content\/uploads\/2021\/12\/papas-arrugadas-con-2-mojos-300x231.jpg\" alt=\"\" width=\"300\" height=\"231\" srcset=\"https:\/\/elrincondepancho.com\/wp-content\/uploads\/2021\/12\/papas-arrugadas-con-2-mojos-300x231.jpg 300w, https:\/\/elrincondepancho.com\/wp-content\/uploads\/2021\/12\/papas-arrugadas-con-2-mojos-1024x789.jpg 1024w, https:\/\/elrincondepancho.com\/wp-content\/uploads\/2021\/12\/papas-arrugadas-con-2-mojos-768x592.jpg 768w, https:\/\/elrincondepancho.com\/wp-content\/uploads\/2021\/12\/papas-arrugadas-con-2-mojos.jpg 1402w\" sizes=\"auto, (max-width: 300px) 100vw, 300px\" \/>W naszej karcie znajdziesz szerok\u0105 gam\u0119 tapas, kt\u00f3re zaspokoj\u0105 ka\u017cde podniebienie. Od klasycznych opcji, takich jak papas arrugadas z mojo, domowe krokiety i kalmary po andaluzyjsku, po bardziej innowacyjne propozycje z \u015bwie\u017cych, najwy\u017cszej jako\u015bci produkt\u00f3w. Esencj\u0105 tapas jest dzielenie si\u0119, dlatego nasze porcje s\u0105 idealne do wsp\u00f3lnego spo\u017cywania z rodzin\u0105 i pr\u00f3bowania r\u00f3\u017cnych smak\u00f3w bez konieczno\u015bci wyboru tylko jednego dania.<\/p>\n<p>Na t\u0119 wyj\u0105tkow\u0105 okazj\u0119 chcemy, aby\u015b cieszy\u0142 si\u0119 ka\u017cdym k\u0119sem w najlepszym towarzystwie. Dlatego polecamy, aby\u015b do tapas dobra\u0142 kieliszek lokalnego wina lub dobrze sch\u0142odzone piwo. Oczywi\u015bcie, nie mo\u017ce zabrakn\u0105\u0107 domowego deseru, kt\u00f3ry b\u0119dzie doskona\u0142ym zwie\u0144czeniem \u015bwi\u0119towania. Od klasycznego bienmesabe po nieodpart\u0105 tart\u0119 serow\u0105 \u2013 to idealne zako\u0144czenie wyj\u0105tkowego posi\u0142ku.<\/p>\n<p>Nasza restauracja w Los Cristianos to doskona\u0142e miejsce, aby \u015bwi\u0119towa\u0107 t\u0119 wa\u017cn\u0105 dat\u0119. Nie tylko dzi\u0119ki jako\u015bci naszych da\u0144, ale r\u00f3wnie\u017c dzi\u0119ki przytulnej atmosferze i doskona\u0142ej obs\u0142udze. Wierzymy, \u017ce ka\u017cda posi\u0142ek powinien by\u0107 do\u015bwiadczeniem, dlatego dbamy o ka\u017cdy szczeg\u00f3\u0142, aby\u015b m\u00f3g\u0142 w pe\u0142ni cieszy\u0107 si\u0119 chwil\u0105.<\/p>\n<p>Dodatkowo, wiemy, \u017ce znalezienie <em>gdzie zje\u015b\u0107 w Dzie\u0144 Ojca<\/em> mo\u017ce by\u0107 trudne, je\u015bli nie zarezerwujesz miejsca na czas. W tym szczeg\u00f3lnym dniu sto\u0142y szybko si\u0119 zape\u0142niaj\u0105, dlatego zalecamy dokonanie rezerwacji z wyprzedzeniem, aby zagwarantowa\u0107 najlepsze miejsce dla Ciebie i Twojej rodziny. Chcemy, aby ten dzie\u0144 by\u0142 niezapomniany, pe\u0142en \u015bmiechu, pysznego jedzenia i chwil, kt\u00f3re zostan\u0105 w pami\u0119ci.<\/p>\n<p>Nie przegap okazji, aby \u015bwi\u0119towa\u0107, jak na to zas\u0142ugujesz. Ciesz si\u0119 autentycznym, wysokiej jako\u015bci posi\u0142kiem w najlepszej atmosferze. Zaskocz tat\u0119 wyj\u0105tkowym do\u015bwiadczeniem kulinarnym i prze\u017cyj niezapomniany Dzie\u0144 Ojca.<\/p>\n<p>\ud83d\udcc5 <a href=\"https:\/\/elrincondepancho.com\/#contacto\">Zarezerwuj teraz i \u015bwi\u0119tuj w naszej restauracji w Los Cristianos na Teneryfie. Czekamy na Ciebie z najlepszymi tapas!<\/a><\/p>\n","protected":false},"excerpt":{"rendered":"<p>Dzie\u0144 Ojca to idealna okazja, aby dzieli\u0107 si\u0119 specjalnymi chwilami i podzi\u0119kowa\u0107 za wszystko, co robi dla nas. A co mo\u017ce by\u0107 lepszym sposobem na \u015bwi\u0119towanie ni\u017c niezapomniane do\u015bwiadczenie kulinarne? Je\u015bli szukasz gdzie zje\u015b\u0107 w Dzie\u0144 Ojca, nasza restauracja w Los Cristianos na Teneryfie to idealne miejsce, aby cieszy\u0107 si\u0119 autentycznymi tapas w przytulnej atmosferze.<span class=\"read_more_area\"><a class=\"read-more\" href=\"https:\/\/elrincondepancho.com\/pl\/2025\/02\/13\/gdzie-zjesc-w-dzien-ojca-na-teneryfie\/\"> Continue Reading <\/a><\/span><\/p>\n","protected":false},"author":1,"featured_media":1636,"comment_status":"closed","ping_status":"closed","sticky":false,"template":"","format":"standard","meta":{"footnotes":""},"categories":[42],"tags":[],"class_list":["post-1650","post","type-post","status-publish","format-standard","has-post-thumbnail","hentry","category-tapas-na-teneryfie"],"yoast_head":"<!-- This site is optimized with the Yoast SEO Premium plugin v26.2 (Yoast SEO v26.2) - https:\/\/yoast.com\/wordpress\/plugins\/seo\/ -->\n<title>Gdzie zje\u015b\u0107 w Dzie\u0144 Ojca na Teneryfie? - El Rinc\u00f3n de Pancho<\/title>\n<meta name=\"description\" content=\"Przyjd\u017a do naszej restauracji w Los Cristianos na Teneryfie. Odkryj najlepsze tapas i ciesz si\u0119 bez obaw, gdzie zje\u015b\u0107 w Dzie\u0144 Ojca.\" \/>\n<meta name=\"robots\" content=\"index, follow, max-snippet:-1, max-image-preview:large, max-video-preview:-1\" \/>\n<link rel=\"canonical\" href=\"https:\/\/elrincondepancho.com\/2025\/02\/13\/donde-comer-el-dia-del-padre-en-tenerife\/\" \/>\n<meta property=\"og:locale\" content=\"pl_PL\" \/>\n<meta property=\"og:type\" content=\"article\" \/>\n<meta property=\"og:title\" content=\"Gdzie zje\u015b\u0107 w Dzie\u0144 Ojca na Teneryfie?\" \/>\n<meta property=\"og:description\" content=\"Przyjd\u017a do naszej restauracji w Los Cristianos na Teneryfie. Odkryj najlepsze tapas i ciesz si\u0119 bez obaw, gdzie zje\u015b\u0107 w Dzie\u0144 Ojca.\" \/>\n<meta property=\"og:url\" content=\"https:\/\/elrincondepancho.com\/2025\/02\/13\/donde-comer-el-dia-del-padre-en-tenerife\/\" \/>\n<meta property=\"og:site_name\" content=\"El Rinc\u00f3n de Pancho\" \/>\n<meta property=\"article:published_time\" content=\"2025-02-13T11:40:07+00:00\" \/>\n<meta property=\"og:image\" content=\"https:\/\/elrincondepancho.com\/wp-content\/uploads\/2025\/02\/\u00bfDonde-comer-el-Dia-del-Padre_-Disfruta-de-las-mejores-tapas-en-Los-Cristianos-Tenerife.jpg\" \/>\n\t<meta property=\"og:image:width\" content=\"1240\" \/>\n\t<meta property=\"og:image:height\" content=\"600\" \/>\n\t<meta property=\"og:image:type\" content=\"image\/jpeg\" \/>\n<meta name=\"author\" content=\"alana\" \/>\n<meta name=\"twitter:card\" content=\"summary_large_image\" \/>\n<meta name=\"twitter:label1\" content=\"Napisane przez\" \/>\n\t<meta name=\"twitter:data1\" content=\"alana\" \/>\n\t<meta name=\"twitter:label2\" content=\"Szacowany czas czytania\" \/>\n\t<meta name=\"twitter:data2\" content=\"2 minuty\" \/>\n<script type=\"application\/ld+json\" class=\"yoast-schema-graph\">{\"@context\":\"https:\/\/schema.org\",\"@graph\":[{\"@type\":\"Article\",\"@id\":\"https:\/\/elrincondepancho.com\/2025\/02\/13\/donde-comer-el-dia-del-padre-en-tenerife\/#article\",\"isPartOf\":{\"@id\":\"https:\/\/elrincondepancho.com\/2025\/02\/13\/donde-comer-el-dia-del-padre-en-tenerife\/\"},\"author\":{\"name\":\"alana\",\"@id\":\"https:\/\/elrincondepancho.com\/#\/schema\/person\/bfa0b977f2886f51b258b0453c49b5ee\"},\"headline\":\"Gdzie zje\u015b\u0107 w Dzie\u0144 Ojca na Teneryfie?\",\"datePublished\":\"2025-02-13T11:40:07+00:00\",\"mainEntityOfPage\":{\"@id\":\"https:\/\/elrincondepancho.com\/2025\/02\/13\/donde-comer-el-dia-del-padre-en-tenerife\/\"},\"wordCount\":382,\"publisher\":{\"@id\":\"https:\/\/elrincondepancho.com\/#organization\"},\"image\":{\"@id\":\"https:\/\/elrincondepancho.com\/2025\/02\/13\/donde-comer-el-dia-del-padre-en-tenerife\/#primaryimage\"},\"thumbnailUrl\":\"https:\/\/elrincondepancho.com\/wp-content\/uploads\/2025\/02\/\u00bfDonde-comer-el-Dia-del-Padre_-Disfruta-de-las-mejores-tapas-en-Los-Cristianos-Tenerife.jpg\",\"articleSection\":[\"Tapas na Teneryfie\"],\"inLanguage\":\"pl-PL\"},{\"@type\":\"WebPage\",\"@id\":\"https:\/\/elrincondepancho.com\/2025\/02\/13\/donde-comer-el-dia-del-padre-en-tenerife\/\",\"url\":\"https:\/\/elrincondepancho.com\/2025\/02\/13\/donde-comer-el-dia-del-padre-en-tenerife\/\",\"name\":\"Gdzie zje\u015b\u0107 w Dzie\u0144 Ojca na Teneryfie? - El Rinc\u00f3n de Pancho\",\"isPartOf\":{\"@id\":\"https:\/\/elrincondepancho.com\/#website\"},\"primaryImageOfPage\":{\"@id\":\"https:\/\/elrincondepancho.com\/2025\/02\/13\/donde-comer-el-dia-del-padre-en-tenerife\/#primaryimage\"},\"image\":{\"@id\":\"https:\/\/elrincondepancho.com\/2025\/02\/13\/donde-comer-el-dia-del-padre-en-tenerife\/#primaryimage\"},\"thumbnailUrl\":\"https:\/\/elrincondepancho.com\/wp-content\/uploads\/2025\/02\/\u00bfDonde-comer-el-Dia-del-Padre_-Disfruta-de-las-mejores-tapas-en-Los-Cristianos-Tenerife.jpg\",\"datePublished\":\"2025-02-13T11:40:07+00:00\",\"description\":\"Przyjd\u017a do naszej restauracji w Los Cristianos na Teneryfie. Odkryj najlepsze tapas i ciesz si\u0119 bez obaw, gdzie zje\u015b\u0107 w Dzie\u0144 Ojca.\",\"breadcrumb\":{\"@id\":\"https:\/\/elrincondepancho.com\/2025\/02\/13\/donde-comer-el-dia-del-padre-en-tenerife\/#breadcrumb\"},\"inLanguage\":\"pl-PL\",\"potentialAction\":[{\"@type\":\"ReadAction\",\"target\":[\"https:\/\/elrincondepancho.com\/2025\/02\/13\/donde-comer-el-dia-del-padre-en-tenerife\/\"]}]},{\"@type\":\"ImageObject\",\"inLanguage\":\"pl-PL\",\"@id\":\"https:\/\/elrincondepancho.com\/2025\/02\/13\/donde-comer-el-dia-del-padre-en-tenerife\/#primaryimage\",\"url\":\"https:\/\/elrincondepancho.com\/wp-content\/uploads\/2025\/02\/\u00bfDonde-comer-el-Dia-del-Padre_-Disfruta-de-las-mejores-tapas-en-Los-Cristianos-Tenerife.jpg\",\"contentUrl\":\"https:\/\/elrincondepancho.com\/wp-content\/uploads\/2025\/02\/\u00bfDonde-comer-el-Dia-del-Padre_-Disfruta-de-las-mejores-tapas-en-Los-Cristianos-Tenerife.jpg\",\"width\":1240,\"height\":600,\"caption\":\"\u00bfD\u00f3nde comer el D\u00eda del Padre_ Disfruta de las mejores tapas en Los Cristianos, Tenerife\"},{\"@type\":\"BreadcrumbList\",\"@id\":\"https:\/\/elrincondepancho.com\/2025\/02\/13\/donde-comer-el-dia-del-padre-en-tenerife\/#breadcrumb\",\"itemListElement\":[{\"@type\":\"ListItem\",\"position\":1,\"name\":\"Portada\",\"item\":\"https:\/\/elrincondepancho.com\/pl\/\"},{\"@type\":\"ListItem\",\"position\":2,\"name\":\"Gdzie zje\u015b\u0107 w Dzie\u0144 Ojca na Teneryfie?\"}]},{\"@type\":\"WebSite\",\"@id\":\"https:\/\/elrincondepancho.com\/#website\",\"url\":\"https:\/\/elrincondepancho.com\/\",\"name\":\"El Rinc\u00f3n de Pancho\",\"description\":\"Restaurante en Tenerife\",\"publisher\":{\"@id\":\"https:\/\/elrincondepancho.com\/#organization\"},\"potentialAction\":[{\"@type\":\"SearchAction\",\"target\":{\"@type\":\"EntryPoint\",\"urlTemplate\":\"https:\/\/elrincondepancho.com\/?s={search_term_string}\"},\"query-input\":{\"@type\":\"PropertyValueSpecification\",\"valueRequired\":true,\"valueName\":\"search_term_string\"}}],\"inLanguage\":\"pl-PL\"},{\"@type\":[\"Organization\",\"Place\",\"Restaurant\"],\"@id\":\"https:\/\/elrincondepancho.com\/#organization\",\"name\":\"El Rinc\u00f3n de Pancho\",\"url\":\"https:\/\/elrincondepancho.com\/\",\"logo\":{\"@id\":\"https:\/\/elrincondepancho.com\/2025\/02\/13\/donde-comer-el-dia-del-padre-en-tenerife\/#local-main-organization-logo\"},\"image\":{\"@id\":\"https:\/\/elrincondepancho.com\/2025\/02\/13\/donde-comer-el-dia-del-padre-en-tenerife\/#local-main-organization-logo\"},\"address\":{\"@id\":\"https:\/\/elrincondepancho.com\/2025\/02\/13\/donde-comer-el-dia-del-padre-en-tenerife\/#local-main-place-address\"},\"geo\":{\"@type\":\"GeoCoordinates\",\"latitude\":\"28.0518515\",\"longitude\":\"-16.716028817\"},\"telephone\":[\"922 78 73 93\"],\"contactPoint\":{\"@type\":\"ContactPoint\",\"telephone\":\"922 78 73 93\",\"email\":\"info@elrincondepancho.com\"},\"openingHoursSpecification\":[{\"@type\":\"OpeningHoursSpecification\",\"dayOfWeek\":[\"Monday\",\"Tuesday\",\"Wednesday\",\"Thursday\",\"Friday\",\"Saturday\",\"Sunday\"],\"opens\":\"09:00\",\"closes\":\"17:00\"}],\"email\":\"info@elrincondepancho.com\",\"areaServed\":\"Los Cristianos, Tenerife\"},{\"@type\":\"Person\",\"@id\":\"https:\/\/elrincondepancho.com\/#\/schema\/person\/bfa0b977f2886f51b258b0453c49b5ee\",\"name\":\"alana\",\"image\":{\"@type\":\"ImageObject\",\"inLanguage\":\"pl-PL\",\"@id\":\"https:\/\/elrincondepancho.com\/#\/schema\/person\/image\/\",\"url\":\"https:\/\/secure.gravatar.com\/avatar\/8e0c6266115797b0e6b6e0646ba9fab4dede49eea37380997f57ed77e86d5daf?s=96&d=mm&r=g\",\"contentUrl\":\"https:\/\/secure.gravatar.com\/avatar\/8e0c6266115797b0e6b6e0646ba9fab4dede49eea37380997f57ed77e86d5daf?s=96&d=mm&r=g\",\"caption\":\"alana\"},\"sameAs\":[\"https:\/\/elrincondepancho.com\"]},{\"@type\":\"PostalAddress\",\"@id\":\"https:\/\/elrincondepancho.com\/2025\/02\/13\/donde-comer-el-dia-del-padre-en-tenerife\/#local-main-place-address\",\"streetAddress\":\"C. del Valle Men\u00e9ndez, 20, 38650 Los Cristianos, Santa Cruz de Tenerife\",\"addressLocality\":\"Los Cristianos\",\"postalCode\":\"38650\",\"addressRegion\":\"Santa Cruz de Tenerife\",\"addressCountry\":\"ES\"},{\"@type\":\"ImageObject\",\"inLanguage\":\"pl-PL\",\"@id\":\"https:\/\/elrincondepancho.com\/2025\/02\/13\/donde-comer-el-dia-del-padre-en-tenerife\/#local-main-organization-logo\",\"url\":\"https:\/\/elrincondepancho.com\/wp-content\/uploads\/2021\/12\/elrincondepancho512.png\",\"contentUrl\":\"https:\/\/elrincondepancho.com\/wp-content\/uploads\/2021\/12\/elrincondepancho512.png\",\"width\":512,\"height\":512,\"caption\":\"El Rinc\u00f3n de Pancho\"}]}<\/script>\n<meta name=\"geo.placename\" content=\"Los Cristianos\" \/>\n<meta name=\"geo.position\" content=\"28.0518515;-16.716028817\" \/>\n<meta name=\"geo.region\" content=\"Hiszpania\" \/>\n<!-- \/ Yoast SEO Premium plugin. -->","yoast_head_json":{"title":"Gdzie zje\u015b\u0107 w Dzie\u0144 Ojca na Teneryfie? - El Rinc\u00f3n de Pancho","description":"Przyjd\u017a do naszej restauracji w Los Cristianos na Teneryfie. Odkryj najlepsze tapas i ciesz si\u0119 bez obaw, gdzie zje\u015b\u0107 w Dzie\u0144 Ojca.","robots":{"index":"index","follow":"follow","max-snippet":"max-snippet:-1","max-image-preview":"max-image-preview:large","max-video-preview":"max-video-preview:-1"},"canonical":"https:\/\/elrincondepancho.com\/2025\/02\/13\/donde-comer-el-dia-del-padre-en-tenerife\/","og_locale":"pl_PL","og_type":"article","og_title":"Gdzie zje\u015b\u0107 w Dzie\u0144 Ojca na Teneryfie?","og_description":"Przyjd\u017a do naszej restauracji w Los Cristianos na Teneryfie. Odkryj najlepsze tapas i ciesz si\u0119 bez obaw, gdzie zje\u015b\u0107 w Dzie\u0144 Ojca.","og_url":"https:\/\/elrincondepancho.com\/2025\/02\/13\/donde-comer-el-dia-del-padre-en-tenerife\/","og_site_name":"El Rinc\u00f3n de Pancho","article_published_time":"2025-02-13T11:40:07+00:00","og_image":[{"width":1240,"height":600,"url":"https:\/\/elrincondepancho.com\/wp-content\/uploads\/2025\/02\/\u00bfDonde-comer-el-Dia-del-Padre_-Disfruta-de-las-mejores-tapas-en-Los-Cristianos-Tenerife.jpg","type":"image\/jpeg"}],"author":"alana","twitter_card":"summary_large_image","twitter_misc":{"Napisane przez":"alana","Szacowany czas czytania":"2 minuty"},"schema":{"@context":"https:\/\/schema.org","@graph":[{"@type":"Article","@id":"https:\/\/elrincondepancho.com\/2025\/02\/13\/donde-comer-el-dia-del-padre-en-tenerife\/#article","isPartOf":{"@id":"https:\/\/elrincondepancho.com\/2025\/02\/13\/donde-comer-el-dia-del-padre-en-tenerife\/"},"author":{"name":"alana","@id":"https:\/\/elrincondepancho.com\/#\/schema\/person\/bfa0b977f2886f51b258b0453c49b5ee"},"headline":"Gdzie zje\u015b\u0107 w Dzie\u0144 Ojca na Teneryfie?","datePublished":"2025-02-13T11:40:07+00:00","mainEntityOfPage":{"@id":"https:\/\/elrincondepancho.com\/2025\/02\/13\/donde-comer-el-dia-del-padre-en-tenerife\/"},"wordCount":382,"publisher":{"@id":"https:\/\/elrincondepancho.com\/#organization"},"image":{"@id":"https:\/\/elrincondepancho.com\/2025\/02\/13\/donde-comer-el-dia-del-padre-en-tenerife\/#primaryimage"},"thumbnailUrl":"https:\/\/elrincondepancho.com\/wp-content\/uploads\/2025\/02\/\u00bfDonde-comer-el-Dia-del-Padre_-Disfruta-de-las-mejores-tapas-en-Los-Cristianos-Tenerife.jpg","articleSection":["Tapas na Teneryfie"],"inLanguage":"pl-PL"},{"@type":"WebPage","@id":"https:\/\/elrincondepancho.com\/2025\/02\/13\/donde-comer-el-dia-del-padre-en-tenerife\/","url":"https:\/\/elrincondepancho.com\/2025\/02\/13\/donde-comer-el-dia-del-padre-en-tenerife\/","name":"Gdzie zje\u015b\u0107 w Dzie\u0144 Ojca na Teneryfie? - El Rinc\u00f3n de Pancho","isPartOf":{"@id":"https:\/\/elrincondepancho.com\/#website"},"primaryImageOfPage":{"@id":"https:\/\/elrincondepancho.com\/2025\/02\/13\/donde-comer-el-dia-del-padre-en-tenerife\/#primaryimage"},"image":{"@id":"https:\/\/elrincondepancho.com\/2025\/02\/13\/donde-comer-el-dia-del-padre-en-tenerife\/#primaryimage"},"thumbnailUrl":"https:\/\/elrincondepancho.com\/wp-content\/uploads\/2025\/02\/\u00bfDonde-comer-el-Dia-del-Padre_-Disfruta-de-las-mejores-tapas-en-Los-Cristianos-Tenerife.jpg","datePublished":"2025-02-13T11:40:07+00:00","description":"Przyjd\u017a do naszej restauracji w Los Cristianos na Teneryfie. Odkryj najlepsze tapas i ciesz si\u0119 bez obaw, gdzie zje\u015b\u0107 w Dzie\u0144 Ojca.","breadcrumb":{"@id":"https:\/\/elrincondepancho.com\/2025\/02\/13\/donde-comer-el-dia-del-padre-en-tenerife\/#breadcrumb"},"inLanguage":"pl-PL","potentialAction":[{"@type":"ReadAction","target":["https:\/\/elrincondepancho.com\/2025\/02\/13\/donde-comer-el-dia-del-padre-en-tenerife\/"]}]},{"@type":"ImageObject","inLanguage":"pl-PL","@id":"https:\/\/elrincondepancho.com\/2025\/02\/13\/donde-comer-el-dia-del-padre-en-tenerife\/#primaryimage","url":"https:\/\/elrincondepancho.com\/wp-content\/uploads\/2025\/02\/\u00bfDonde-comer-el-Dia-del-Padre_-Disfruta-de-las-mejores-tapas-en-Los-Cristianos-Tenerife.jpg","contentUrl":"https:\/\/elrincondepancho.com\/wp-content\/uploads\/2025\/02\/\u00bfDonde-comer-el-Dia-del-Padre_-Disfruta-de-las-mejores-tapas-en-Los-Cristianos-Tenerife.jpg","width":1240,"height":600,"caption":"\u00bfD\u00f3nde comer el D\u00eda del Padre_ Disfruta de las mejores tapas en Los Cristianos, Tenerife"},{"@type":"BreadcrumbList","@id":"https:\/\/elrincondepancho.com\/2025\/02\/13\/donde-comer-el-dia-del-padre-en-tenerife\/#breadcrumb","itemListElement":[{"@type":"ListItem","position":1,"name":"Portada","item":"https:\/\/elrincondepancho.com\/pl\/"},{"@type":"ListItem","position":2,"name":"Gdzie zje\u015b\u0107 w Dzie\u0144 Ojca na Teneryfie?"}]},{"@type":"WebSite","@id":"https:\/\/elrincondepancho.com\/#website","url":"https:\/\/elrincondepancho.com\/","name":"El Rinc\u00f3n de Pancho","description":"Restaurante en Tenerife","publisher":{"@id":"https:\/\/elrincondepancho.com\/#organization"},"potentialAction":[{"@type":"SearchAction","target":{"@type":"EntryPoint","urlTemplate":"https:\/\/elrincondepancho.com\/?s={search_term_string}"},"query-input":{"@type":"PropertyValueSpecification","valueRequired":true,"valueName":"search_term_string"}}],"inLanguage":"pl-PL"},{"@type":["Organization","Place","Restaurant"],"@id":"https:\/\/elrincondepancho.com\/#organization","name":"El Rinc\u00f3n de Pancho","url":"https:\/\/elrincondepancho.com\/","logo":{"@id":"https:\/\/elrincondepancho.com\/2025\/02\/13\/donde-comer-el-dia-del-padre-en-tenerife\/#local-main-organization-logo"},"image":{"@id":"https:\/\/elrincondepancho.com\/2025\/02\/13\/donde-comer-el-dia-del-padre-en-tenerife\/#local-main-organization-logo"},"address":{"@id":"https:\/\/elrincondepancho.com\/2025\/02\/13\/donde-comer-el-dia-del-padre-en-tenerife\/#local-main-place-address"},"geo":{"@type":"GeoCoordinates","latitude":"28.0518515","longitude":"-16.716028817"},"telephone":["922 78 73 93"],"contactPoint":{"@type":"ContactPoint","telephone":"922 78 73 93","email":"info@elrincondepancho.com"},"openingHoursSpecification":[{"@type":"OpeningHoursSpecification","dayOfWeek":["Monday","Tuesday","Wednesday","Thursday","Friday","Saturday","Sunday"],"opens":"09:00","closes":"17:00"}],"email":"info@elrincondepancho.com","areaServed":"Los Cristianos, Tenerife"},{"@type":"Person","@id":"https:\/\/elrincondepancho.com\/#\/schema\/person\/bfa0b977f2886f51b258b0453c49b5ee","name":"alana","image":{"@type":"ImageObject","inLanguage":"pl-PL","@id":"https:\/\/elrincondepancho.com\/#\/schema\/person\/image\/","url":"https:\/\/secure.gravatar.com\/avatar\/8e0c6266115797b0e6b6e0646ba9fab4dede49eea37380997f57ed77e86d5daf?s=96&d=mm&r=g","contentUrl":"https:\/\/secure.gravatar.com\/avatar\/8e0c6266115797b0e6b6e0646ba9fab4dede49eea37380997f57ed77e86d5daf?s=96&d=mm&r=g","caption":"alana"},"sameAs":["https:\/\/elrincondepancho.com"]},{"@type":"PostalAddress","@id":"https:\/\/elrincondepancho.com\/2025\/02\/13\/donde-comer-el-dia-del-padre-en-tenerife\/#local-main-place-address","streetAddress":"C. del Valle Men\u00e9ndez, 20, 38650 Los Cristianos, Santa Cruz de Tenerife","addressLocality":"Los Cristianos","postalCode":"38650","addressRegion":"Santa Cruz de Tenerife","addressCountry":"ES"},{"@type":"ImageObject","inLanguage":"pl-PL","@id":"https:\/\/elrincondepancho.com\/2025\/02\/13\/donde-comer-el-dia-del-padre-en-tenerife\/#local-main-organization-logo","url":"https:\/\/elrincondepancho.com\/wp-content\/uploads\/2021\/12\/elrincondepancho512.png","contentUrl":"https:\/\/elrincondepancho.com\/wp-content\/uploads\/2021\/12\/elrincondepancho512.png","width":512,"height":512,"caption":"El Rinc\u00f3n de Pancho"}]},"geo.placename":"Los Cristianos","geo.position":{"lat":"28.0518515","long":"-16.716028817"},"geo.region":"Hiszpania"},"_links":{"self":[{"href":"https:\/\/elrincondepancho.com\/pl\/wp-json\/wp\/v2\/posts\/1650","targetHints":{"allow":["GET"]}}],"collection":[{"href":"https:\/\/elrincondepancho.com\/pl\/wp-json\/wp\/v2\/posts"}],"about":[{"href":"https:\/\/elrincondepancho.com\/pl\/wp-json\/wp\/v2\/types\/post"}],"author":[{"embeddable":true,"href":"https:\/\/elrincondepancho.com\/pl\/wp-json\/wp\/v2\/users\/1"}],"replies":[{"embeddable":true,"href":"https:\/\/elrincondepancho.com\/pl\/wp-json\/wp\/v2\/comments?post=1650"}],"version-history":[{"count":1,"href":"https:\/\/elrincondepancho.com\/pl\/wp-json\/wp\/v2\/posts\/1650\/revisions"}],"predecessor-version":[{"id":1652,"href":"https:\/\/elrincondepancho.com\/pl\/wp-json\/wp\/v2\/posts\/1650\/revisions\/1652"}],"wp:featuredmedia":[{"embeddable":true,"href":"https:\/\/elrincondepancho.com\/pl\/wp-json\/wp\/v2\/media\/1636"}],"wp:attachment":[{"href":"https:\/\/elrincondepancho.com\/pl\/wp-json\/wp\/v2\/media?parent=1650"}],"wp:term":[{"taxonomy":"category","embeddable":true,"href":"https:\/\/elrincondepancho.com\/pl\/wp-json\/wp\/v2\/categories?post=1650"},{"taxonomy":"post_tag","embeddable":true,"href":"https:\/\/elrincondepancho.com\/pl\/wp-json\/wp\/v2\/tags?post=1650"}],"curies":[{"name":"wp","href":"https:\/\/api.w.org\/{rel}","templated":true}]}}