{"id":1681,"date":"2025-04-16T13:42:21","date_gmt":"2025-04-16T13:42:21","guid":{"rendered":"https:\/\/elrincondepancho.com\/?p=1681"},"modified":"2025-08-26T13:31:11","modified_gmt":"2025-08-26T13:31:11","slug":"gdzie-zjesc-w-dzien-matki-na-teneryfie","status":"publish","type":"post","link":"https:\/\/elrincondepancho.com\/pl\/2025\/04\/16\/gdzie-zjesc-w-dzien-matki-na-teneryfie\/","title":{"rendered":"Gdzie zje\u015b\u0107 w Dzie\u0144 Matki na Teneryfie?"},"content":{"rendered":"<p>Dzie\u0144 Matki to doskona\u0142a okazja, aby \u015bwi\u0119towa\u0107 w gronie rodziny, podzi\u0119kowa\u0107 i dzieli\u0107 si\u0119 niezapomnianymi chwilami. Je\u015bli szukasz <strong>gdzie zje\u015b\u0107 w Dzie\u0144 Matki na Teneryfie<\/strong>, mamy idealny plan: pyszny posi\u0142ek w przytulnej atmosferze, z potrawami, kt\u00f3re zachwycaj\u0105 i rodzinnym traktowaniem, kt\u00f3re sprawi, \u017ce mama poczuje si\u0119 jak w domu.<\/p>\n<p><img loading=\"lazy\" decoding=\"async\" class=\"size-medium wp-image-261 alignright\" src=\"https:\/\/elrincondepancho.com\/wp-content\/uploads\/2021\/12\/queso-asado-con-dos-mojos-300x231.jpg\" alt=\"tapas na Teneryfie\" width=\"300\" height=\"231\" srcset=\"https:\/\/elrincondepancho.com\/wp-content\/uploads\/2021\/12\/queso-asado-con-dos-mojos-300x231.jpg 300w, https:\/\/elrincondepancho.com\/wp-content\/uploads\/2021\/12\/queso-asado-con-dos-mojos-1024x789.jpg 1024w, https:\/\/elrincondepancho.com\/wp-content\/uploads\/2021\/12\/queso-asado-con-dos-mojos-768x592.jpg 768w, https:\/\/elrincondepancho.com\/wp-content\/uploads\/2021\/12\/queso-asado-con-dos-mojos.jpg 1402w\" sizes=\"auto, (max-width: 300px) 100vw, 300px\" \/>Od 2014 roku nasza restauracja, rodzinna firma z sercem, oferuje <strong>najlepsz\u0105 jako\u015b\u0107 w najlepszej cenie<\/strong>. Tutaj nie tylko dobrze si\u0119 je, ale tak\u017ce cieszy. Nasz zesp\u00f3\u0142 wk\u0142ada ca\u0142e swoje serce i profesjonalizm w ka\u017cdy szczeg\u00f3\u0142, aby ka\u017cda wizyta by\u0142a wyj\u0105tkowa.<\/p>\n<p>Aby uczci\u0107 ten dzie\u0144, proponujemy niezapomniane do\u015bwiadczenie tapas. Dlaczego wybiera\u0107 tylko jedno danie, gdy mo\u017cna spr\u00f3bowa\u0107 kilku smak\u00f3w? Nasze <strong>papas arrugadas z mojo<\/strong>, <strong>langustyny w czarnej tempurze<\/strong> s\u0105 idealne do dzielenia si\u0119 w towarzystwie. Je\u015bli wolisz co\u015b \u015bwie\u017cego, spr\u00f3buj egzotycznej sa\u0142atki lub timbala z awokado i langustynami, zaskakuj\u0105ce po\u0142\u0105czenie, kt\u00f3re zawsze robi wra\u017cenie.<\/p>\n<p>A co dla mi\u0142o\u015bnik\u00f3w smak\u00f3w morza? O\u015bmiornica po kanaryjsku, <strong>o\u015bmiornica Pancho<\/strong> lub <strong>bak\u0142a\u017can sma\u017cony z ananasem<\/strong> to opcje, kt\u00f3re nie tylko syc\u0105, ale tak\u017ce budz\u0105 emocje. Mo\u017cesz te\u017c wybra\u0107 \u0142ososia w cava lub bak\u0142a\u017cana w cebuli, dwa dania \u0142\u0105cz\u0105ce tradycj\u0119 i kreatywno\u015b\u0107.<\/p>\n<p>Je\u015bli wolisz mi\u0119so, nie mo\u017cesz przegapi\u0107 <strong>pol\u0119dwicy szefa<\/strong>, <strong>pol\u0119dwicy wo\u0142owej<\/strong> lub soczystego <strong>steku w kawa\u0142kach<\/strong>, wszystkie przygotowane na miejscu i z najwy\u017cszej jako\u015bci sk\u0142adnik\u00f3w.<img loading=\"lazy\" decoding=\"async\" class=\"size-medium wp-image-928 alignright\" src=\"https:\/\/elrincondepancho.com\/wp-content\/uploads\/2021\/12\/solomillo-a-la-parrilla-300x231.jpg\" alt=\"\" width=\"300\" height=\"231\" srcset=\"https:\/\/elrincondepancho.com\/wp-content\/uploads\/2021\/12\/solomillo-a-la-parrilla-300x231.jpg 300w, https:\/\/elrincondepancho.com\/wp-content\/uploads\/2021\/12\/solomillo-a-la-parrilla-1024x789.jpg 1024w, https:\/\/elrincondepancho.com\/wp-content\/uploads\/2021\/12\/solomillo-a-la-parrilla-768x592.jpg 768w, https:\/\/elrincondepancho.com\/wp-content\/uploads\/2021\/12\/solomillo-a-la-parrilla.jpg 1402w\" sizes=\"auto, (max-width: 300px) 100vw, 300px\" \/><\/p>\n<p>Ponadto pomo\u017cemy Ci wybra\u0107 to, co najlepiej odpowiada Twoim gustom. Naszym celem jest, aby ka\u017cdy cz\u0142onek rodziny cieszy\u0142 si\u0119 autentycznym posi\u0142kiem pe\u0142nym smaku.<\/p>\n<p>Wi\u0119c ju\u017c wiesz, je\u015bli zastanawiasz si\u0119 <strong>gdzie zje\u015b\u0107 w Dzie\u0144 Matki na Teneryfie<\/strong>, przyjd\u017a \u015bwi\u0119towa\u0107 z nami. Ciep\u0142a atmosfera, pyszne jedzenie i zesp\u00f3\u0142, kt\u00f3ry sprawi, \u017ce poczujesz si\u0119 jak w domu.<\/p>\n<p><strong><a href=\"https:\/\/elrincondepancho.com\/#contacto\">Zarezerwuj teraz i zaskocz mam\u0119 gastronomicznym do\u015bwiadczeniem, kt\u00f3rego nigdy nie zapomni!<\/a><\/strong><\/p>\n","protected":false},"excerpt":{"rendered":"<p>Dzie\u0144 Matki to doskona\u0142a okazja, aby \u015bwi\u0119towa\u0107 w gronie rodziny, podzi\u0119kowa\u0107 i dzieli\u0107 si\u0119 niezapomnianymi chwilami. Je\u015bli szukasz gdzie zje\u015b\u0107 w Dzie\u0144 Matki na Teneryfie, mamy idealny plan: pyszny posi\u0142ek w przytulnej atmosferze, z potrawami, kt\u00f3re zachwycaj\u0105 i rodzinnym traktowaniem, kt\u00f3re sprawi, \u017ce mama poczuje si\u0119 jak w domu. Od 2014 roku nasza restauracja, rodzinna<span class=\"read_more_area\"><a class=\"read-more\" href=\"https:\/\/elrincondepancho.com\/pl\/2025\/04\/16\/gdzie-zjesc-w-dzien-matki-na-teneryfie\/\"> Continue Reading <\/a><\/span><\/p>\n","protected":false},"author":1,"featured_media":1668,"comment_status":"closed","ping_status":"closed","sticky":false,"template":"","format":"standard","meta":{"footnotes":""},"categories":[42],"tags":[],"class_list":["post-1681","post","type-post","status-publish","format-standard","has-post-thumbnail","hentry","category-tapas-na-teneryfie"],"yoast_head":"<!-- This site is optimized with the Yoast SEO Premium plugin v26.2 (Yoast SEO v26.2) - https:\/\/yoast.com\/wordpress\/plugins\/seo\/ -->\n<title>Gdzie zje\u015b\u0107 w Dzie\u0144 Matki na Teneryfie? - El Rinc\u00f3n de Pancho<\/title>\n<meta name=\"description\" content=\"Gdzie zje\u015b\u0107 w Dzie\u0144 Matki na Teneryfie? Zaskocz mam\u0119 tapas, mi\u0119sem i rybami w przyjaznej, rodzinnej atmosferze.\" \/>\n<meta name=\"robots\" content=\"index, follow, max-snippet:-1, max-image-preview:large, max-video-preview:-1\" \/>\n<link rel=\"canonical\" href=\"https:\/\/elrincondepancho.com\/pl\/2025\/04\/16\/gdzie-zjesc-w-dzien-matki-na-teneryfie\/\" \/>\n<meta property=\"og:locale\" content=\"pl_PL\" \/>\n<meta property=\"og:type\" content=\"article\" \/>\n<meta property=\"og:title\" content=\"Gdzie zje\u015b\u0107 w Dzie\u0144 Matki na Teneryfie?\" \/>\n<meta property=\"og:description\" content=\"Gdzie zje\u015b\u0107 w Dzie\u0144 Matki na Teneryfie? Zaskocz mam\u0119 tapas, mi\u0119sem i rybami w przyjaznej, rodzinnej atmosferze.\" \/>\n<meta property=\"og:url\" content=\"https:\/\/elrincondepancho.com\/pl\/2025\/04\/16\/gdzie-zjesc-w-dzien-matki-na-teneryfie\/\" \/>\n<meta property=\"og:site_name\" content=\"El Rinc\u00f3n de Pancho\" \/>\n<meta property=\"article:published_time\" content=\"2025-04-16T13:42:21+00:00\" \/>\n<meta property=\"article:modified_time\" content=\"2025-08-26T13:31:11+00:00\" \/>\n<meta property=\"og:image\" content=\"https:\/\/elrincondepancho.com\/wp-content\/uploads\/2025\/04\/\u00bfDonde-comer-el-Dia-de-la-Madre-en-Tenerife-Restaurante-en-Los-Cristianos-Tenerife.jpg\" \/>\n\t<meta property=\"og:image:width\" content=\"1240\" \/>\n\t<meta property=\"og:image:height\" content=\"600\" \/>\n\t<meta property=\"og:image:type\" content=\"image\/jpeg\" \/>\n<meta name=\"author\" content=\"alana\" \/>\n<meta name=\"twitter:card\" content=\"summary_large_image\" \/>\n<meta name=\"twitter:label1\" content=\"Napisane przez\" \/>\n\t<meta name=\"twitter:data1\" content=\"alana\" \/>\n\t<meta name=\"twitter:label2\" content=\"Szacowany czas czytania\" \/>\n\t<meta name=\"twitter:data2\" content=\"2 minuty\" \/>\n<script type=\"application\/ld+json\" class=\"yoast-schema-graph\">{\"@context\":\"https:\/\/schema.org\",\"@graph\":[{\"@type\":\"Article\",\"@id\":\"https:\/\/elrincondepancho.com\/pl\/2025\/04\/16\/gdzie-zjesc-w-dzien-matki-na-teneryfie\/#article\",\"isPartOf\":{\"@id\":\"https:\/\/elrincondepancho.com\/pl\/2025\/04\/16\/gdzie-zjesc-w-dzien-matki-na-teneryfie\/\"},\"author\":{\"name\":\"alana\",\"@id\":\"https:\/\/elrincondepancho.com\/#\/schema\/person\/bfa0b977f2886f51b258b0453c49b5ee\"},\"headline\":\"Gdzie zje\u015b\u0107 w Dzie\u0144 Matki na Teneryfie?\",\"datePublished\":\"2025-04-16T13:42:21+00:00\",\"dateModified\":\"2025-08-26T13:31:11+00:00\",\"mainEntityOfPage\":{\"@id\":\"https:\/\/elrincondepancho.com\/pl\/2025\/04\/16\/gdzie-zjesc-w-dzien-matki-na-teneryfie\/\"},\"wordCount\":343,\"publisher\":{\"@id\":\"https:\/\/elrincondepancho.com\/#organization\"},\"image\":{\"@id\":\"https:\/\/elrincondepancho.com\/pl\/2025\/04\/16\/gdzie-zjesc-w-dzien-matki-na-teneryfie\/#primaryimage\"},\"thumbnailUrl\":\"https:\/\/elrincondepancho.com\/wp-content\/uploads\/2025\/04\/\u00bfDonde-comer-el-Dia-de-la-Madre-en-Tenerife-Restaurante-en-Los-Cristianos-Tenerife.jpg\",\"articleSection\":[\"Tapas na Teneryfie\"],\"inLanguage\":\"pl-PL\"},{\"@type\":\"WebPage\",\"@id\":\"https:\/\/elrincondepancho.com\/pl\/2025\/04\/16\/gdzie-zjesc-w-dzien-matki-na-teneryfie\/\",\"url\":\"https:\/\/elrincondepancho.com\/pl\/2025\/04\/16\/gdzie-zjesc-w-dzien-matki-na-teneryfie\/\",\"name\":\"Gdzie zje\u015b\u0107 w Dzie\u0144 Matki na Teneryfie? - El Rinc\u00f3n de Pancho\",\"isPartOf\":{\"@id\":\"https:\/\/elrincondepancho.com\/#website\"},\"primaryImageOfPage\":{\"@id\":\"https:\/\/elrincondepancho.com\/pl\/2025\/04\/16\/gdzie-zjesc-w-dzien-matki-na-teneryfie\/#primaryimage\"},\"image\":{\"@id\":\"https:\/\/elrincondepancho.com\/pl\/2025\/04\/16\/gdzie-zjesc-w-dzien-matki-na-teneryfie\/#primaryimage\"},\"thumbnailUrl\":\"https:\/\/elrincondepancho.com\/wp-content\/uploads\/2025\/04\/\u00bfDonde-comer-el-Dia-de-la-Madre-en-Tenerife-Restaurante-en-Los-Cristianos-Tenerife.jpg\",\"datePublished\":\"2025-04-16T13:42:21+00:00\",\"dateModified\":\"2025-08-26T13:31:11+00:00\",\"description\":\"Gdzie zje\u015b\u0107 w Dzie\u0144 Matki na Teneryfie? Zaskocz mam\u0119 tapas, mi\u0119sem i rybami w przyjaznej, rodzinnej atmosferze.\",\"breadcrumb\":{\"@id\":\"https:\/\/elrincondepancho.com\/pl\/2025\/04\/16\/gdzie-zjesc-w-dzien-matki-na-teneryfie\/#breadcrumb\"},\"inLanguage\":\"pl-PL\",\"potentialAction\":[{\"@type\":\"ReadAction\",\"target\":[\"https:\/\/elrincondepancho.com\/pl\/2025\/04\/16\/gdzie-zjesc-w-dzien-matki-na-teneryfie\/\"]}]},{\"@type\":\"ImageObject\",\"inLanguage\":\"pl-PL\",\"@id\":\"https:\/\/elrincondepancho.com\/pl\/2025\/04\/16\/gdzie-zjesc-w-dzien-matki-na-teneryfie\/#primaryimage\",\"url\":\"https:\/\/elrincondepancho.com\/wp-content\/uploads\/2025\/04\/\u00bfDonde-comer-el-Dia-de-la-Madre-en-Tenerife-Restaurante-en-Los-Cristianos-Tenerife.jpg\",\"contentUrl\":\"https:\/\/elrincondepancho.com\/wp-content\/uploads\/2025\/04\/\u00bfDonde-comer-el-Dia-de-la-Madre-en-Tenerife-Restaurante-en-Los-Cristianos-Tenerife.jpg\",\"width\":1240,\"height\":600,\"caption\":\"\u00bfD\u00f3nde comer el D\u00eda de la Madre en Tenerife - Restaurante en Los Cristianos, Tenerife\"},{\"@type\":\"BreadcrumbList\",\"@id\":\"https:\/\/elrincondepancho.com\/pl\/2025\/04\/16\/gdzie-zjesc-w-dzien-matki-na-teneryfie\/#breadcrumb\",\"itemListElement\":[{\"@type\":\"ListItem\",\"position\":1,\"name\":\"Portada\",\"item\":\"https:\/\/elrincondepancho.com\/pl\/\"},{\"@type\":\"ListItem\",\"position\":2,\"name\":\"Gdzie zje\u015b\u0107 w Dzie\u0144 Matki na Teneryfie?\"}]},{\"@type\":\"WebSite\",\"@id\":\"https:\/\/elrincondepancho.com\/#website\",\"url\":\"https:\/\/elrincondepancho.com\/\",\"name\":\"El Rinc\u00f3n de Pancho\",\"description\":\"Restaurante en Tenerife\",\"publisher\":{\"@id\":\"https:\/\/elrincondepancho.com\/#organization\"},\"potentialAction\":[{\"@type\":\"SearchAction\",\"target\":{\"@type\":\"EntryPoint\",\"urlTemplate\":\"https:\/\/elrincondepancho.com\/?s={search_term_string}\"},\"query-input\":{\"@type\":\"PropertyValueSpecification\",\"valueRequired\":true,\"valueName\":\"search_term_string\"}}],\"inLanguage\":\"pl-PL\"},{\"@type\":[\"Organization\",\"Place\",\"Restaurant\"],\"@id\":\"https:\/\/elrincondepancho.com\/#organization\",\"name\":\"El Rinc\u00f3n de Pancho\",\"url\":\"https:\/\/elrincondepancho.com\/\",\"logo\":{\"@id\":\"https:\/\/elrincondepancho.com\/pl\/2025\/04\/16\/gdzie-zjesc-w-dzien-matki-na-teneryfie\/#local-main-organization-logo\"},\"image\":{\"@id\":\"https:\/\/elrincondepancho.com\/pl\/2025\/04\/16\/gdzie-zjesc-w-dzien-matki-na-teneryfie\/#local-main-organization-logo\"},\"address\":{\"@id\":\"https:\/\/elrincondepancho.com\/pl\/2025\/04\/16\/gdzie-zjesc-w-dzien-matki-na-teneryfie\/#local-main-place-address\"},\"geo\":{\"@type\":\"GeoCoordinates\",\"latitude\":\"28.0518515\",\"longitude\":\"-16.716028817\"},\"telephone\":[\"922 78 73 93\"],\"contactPoint\":{\"@type\":\"ContactPoint\",\"telephone\":\"922 78 73 93\",\"email\":\"info@elrincondepancho.com\"},\"openingHoursSpecification\":[{\"@type\":\"OpeningHoursSpecification\",\"dayOfWeek\":[\"Monday\",\"Tuesday\",\"Wednesday\",\"Thursday\",\"Friday\",\"Saturday\",\"Sunday\"],\"opens\":\"09:00\",\"closes\":\"17:00\"}],\"email\":\"info@elrincondepancho.com\",\"areaServed\":\"Los Cristianos, Tenerife\"},{\"@type\":\"Person\",\"@id\":\"https:\/\/elrincondepancho.com\/#\/schema\/person\/bfa0b977f2886f51b258b0453c49b5ee\",\"name\":\"alana\",\"image\":{\"@type\":\"ImageObject\",\"inLanguage\":\"pl-PL\",\"@id\":\"https:\/\/elrincondepancho.com\/#\/schema\/person\/image\/\",\"url\":\"https:\/\/secure.gravatar.com\/avatar\/8e0c6266115797b0e6b6e0646ba9fab4dede49eea37380997f57ed77e86d5daf?s=96&d=mm&r=g\",\"contentUrl\":\"https:\/\/secure.gravatar.com\/avatar\/8e0c6266115797b0e6b6e0646ba9fab4dede49eea37380997f57ed77e86d5daf?s=96&d=mm&r=g\",\"caption\":\"alana\"},\"sameAs\":[\"https:\/\/elrincondepancho.com\"]},{\"@type\":\"PostalAddress\",\"@id\":\"https:\/\/elrincondepancho.com\/pl\/2025\/04\/16\/gdzie-zjesc-w-dzien-matki-na-teneryfie\/#local-main-place-address\",\"streetAddress\":\"C. del Valle Men\u00e9ndez, 20, 38650 Los Cristianos, Santa Cruz de Tenerife\",\"addressLocality\":\"Los Cristianos\",\"postalCode\":\"38650\",\"addressRegion\":\"Santa Cruz de Tenerife\",\"addressCountry\":\"ES\"},{\"@type\":\"ImageObject\",\"inLanguage\":\"pl-PL\",\"@id\":\"https:\/\/elrincondepancho.com\/pl\/2025\/04\/16\/gdzie-zjesc-w-dzien-matki-na-teneryfie\/#local-main-organization-logo\",\"url\":\"https:\/\/elrincondepancho.com\/wp-content\/uploads\/2021\/12\/elrincondepancho512.png\",\"contentUrl\":\"https:\/\/elrincondepancho.com\/wp-content\/uploads\/2021\/12\/elrincondepancho512.png\",\"width\":512,\"height\":512,\"caption\":\"El Rinc\u00f3n de Pancho\"}]}<\/script>\n<meta name=\"geo.placename\" content=\"Los Cristianos\" \/>\n<meta name=\"geo.position\" content=\"28.0518515;-16.716028817\" \/>\n<meta name=\"geo.region\" content=\"Hiszpania\" \/>\n<!-- \/ Yoast SEO Premium plugin. -->","yoast_head_json":{"title":"Gdzie zje\u015b\u0107 w Dzie\u0144 Matki na Teneryfie? - El Rinc\u00f3n de Pancho","description":"Gdzie zje\u015b\u0107 w Dzie\u0144 Matki na Teneryfie? Zaskocz mam\u0119 tapas, mi\u0119sem i rybami w przyjaznej, rodzinnej atmosferze.","robots":{"index":"index","follow":"follow","max-snippet":"max-snippet:-1","max-image-preview":"max-image-preview:large","max-video-preview":"max-video-preview:-1"},"canonical":"https:\/\/elrincondepancho.com\/pl\/2025\/04\/16\/gdzie-zjesc-w-dzien-matki-na-teneryfie\/","og_locale":"pl_PL","og_type":"article","og_title":"Gdzie zje\u015b\u0107 w Dzie\u0144 Matki na Teneryfie?","og_description":"Gdzie zje\u015b\u0107 w Dzie\u0144 Matki na Teneryfie? Zaskocz mam\u0119 tapas, mi\u0119sem i rybami w przyjaznej, rodzinnej atmosferze.","og_url":"https:\/\/elrincondepancho.com\/pl\/2025\/04\/16\/gdzie-zjesc-w-dzien-matki-na-teneryfie\/","og_site_name":"El Rinc\u00f3n de Pancho","article_published_time":"2025-04-16T13:42:21+00:00","article_modified_time":"2025-08-26T13:31:11+00:00","og_image":[{"width":1240,"height":600,"url":"https:\/\/elrincondepancho.com\/wp-content\/uploads\/2025\/04\/\u00bfDonde-comer-el-Dia-de-la-Madre-en-Tenerife-Restaurante-en-Los-Cristianos-Tenerife.jpg","type":"image\/jpeg"}],"author":"alana","twitter_card":"summary_large_image","twitter_misc":{"Napisane przez":"alana","Szacowany czas czytania":"2 minuty"},"schema":{"@context":"https:\/\/schema.org","@graph":[{"@type":"Article","@id":"https:\/\/elrincondepancho.com\/pl\/2025\/04\/16\/gdzie-zjesc-w-dzien-matki-na-teneryfie\/#article","isPartOf":{"@id":"https:\/\/elrincondepancho.com\/pl\/2025\/04\/16\/gdzie-zjesc-w-dzien-matki-na-teneryfie\/"},"author":{"name":"alana","@id":"https:\/\/elrincondepancho.com\/#\/schema\/person\/bfa0b977f2886f51b258b0453c49b5ee"},"headline":"Gdzie zje\u015b\u0107 w Dzie\u0144 Matki na Teneryfie?","datePublished":"2025-04-16T13:42:21+00:00","dateModified":"2025-08-26T13:31:11+00:00","mainEntityOfPage":{"@id":"https:\/\/elrincondepancho.com\/pl\/2025\/04\/16\/gdzie-zjesc-w-dzien-matki-na-teneryfie\/"},"wordCount":343,"publisher":{"@id":"https:\/\/elrincondepancho.com\/#organization"},"image":{"@id":"https:\/\/elrincondepancho.com\/pl\/2025\/04\/16\/gdzie-zjesc-w-dzien-matki-na-teneryfie\/#primaryimage"},"thumbnailUrl":"https:\/\/elrincondepancho.com\/wp-content\/uploads\/2025\/04\/\u00bfDonde-comer-el-Dia-de-la-Madre-en-Tenerife-Restaurante-en-Los-Cristianos-Tenerife.jpg","articleSection":["Tapas na Teneryfie"],"inLanguage":"pl-PL"},{"@type":"WebPage","@id":"https:\/\/elrincondepancho.com\/pl\/2025\/04\/16\/gdzie-zjesc-w-dzien-matki-na-teneryfie\/","url":"https:\/\/elrincondepancho.com\/pl\/2025\/04\/16\/gdzie-zjesc-w-dzien-matki-na-teneryfie\/","name":"Gdzie zje\u015b\u0107 w Dzie\u0144 Matki na Teneryfie? - El Rinc\u00f3n de Pancho","isPartOf":{"@id":"https:\/\/elrincondepancho.com\/#website"},"primaryImageOfPage":{"@id":"https:\/\/elrincondepancho.com\/pl\/2025\/04\/16\/gdzie-zjesc-w-dzien-matki-na-teneryfie\/#primaryimage"},"image":{"@id":"https:\/\/elrincondepancho.com\/pl\/2025\/04\/16\/gdzie-zjesc-w-dzien-matki-na-teneryfie\/#primaryimage"},"thumbnailUrl":"https:\/\/elrincondepancho.com\/wp-content\/uploads\/2025\/04\/\u00bfDonde-comer-el-Dia-de-la-Madre-en-Tenerife-Restaurante-en-Los-Cristianos-Tenerife.jpg","datePublished":"2025-04-16T13:42:21+00:00","dateModified":"2025-08-26T13:31:11+00:00","description":"Gdzie zje\u015b\u0107 w Dzie\u0144 Matki na Teneryfie? Zaskocz mam\u0119 tapas, mi\u0119sem i rybami w przyjaznej, rodzinnej atmosferze.","breadcrumb":{"@id":"https:\/\/elrincondepancho.com\/pl\/2025\/04\/16\/gdzie-zjesc-w-dzien-matki-na-teneryfie\/#breadcrumb"},"inLanguage":"pl-PL","potentialAction":[{"@type":"ReadAction","target":["https:\/\/elrincondepancho.com\/pl\/2025\/04\/16\/gdzie-zjesc-w-dzien-matki-na-teneryfie\/"]}]},{"@type":"ImageObject","inLanguage":"pl-PL","@id":"https:\/\/elrincondepancho.com\/pl\/2025\/04\/16\/gdzie-zjesc-w-dzien-matki-na-teneryfie\/#primaryimage","url":"https:\/\/elrincondepancho.com\/wp-content\/uploads\/2025\/04\/\u00bfDonde-comer-el-Dia-de-la-Madre-en-Tenerife-Restaurante-en-Los-Cristianos-Tenerife.jpg","contentUrl":"https:\/\/elrincondepancho.com\/wp-content\/uploads\/2025\/04\/\u00bfDonde-comer-el-Dia-de-la-Madre-en-Tenerife-Restaurante-en-Los-Cristianos-Tenerife.jpg","width":1240,"height":600,"caption":"\u00bfD\u00f3nde comer el D\u00eda de la Madre en Tenerife - Restaurante en Los Cristianos, Tenerife"},{"@type":"BreadcrumbList","@id":"https:\/\/elrincondepancho.com\/pl\/2025\/04\/16\/gdzie-zjesc-w-dzien-matki-na-teneryfie\/#breadcrumb","itemListElement":[{"@type":"ListItem","position":1,"name":"Portada","item":"https:\/\/elrincondepancho.com\/pl\/"},{"@type":"ListItem","position":2,"name":"Gdzie zje\u015b\u0107 w Dzie\u0144 Matki na Teneryfie?"}]},{"@type":"WebSite","@id":"https:\/\/elrincondepancho.com\/#website","url":"https:\/\/elrincondepancho.com\/","name":"El Rinc\u00f3n de Pancho","description":"Restaurante en Tenerife","publisher":{"@id":"https:\/\/elrincondepancho.com\/#organization"},"potentialAction":[{"@type":"SearchAction","target":{"@type":"EntryPoint","urlTemplate":"https:\/\/elrincondepancho.com\/?s={search_term_string}"},"query-input":{"@type":"PropertyValueSpecification","valueRequired":true,"valueName":"search_term_string"}}],"inLanguage":"pl-PL"},{"@type":["Organization","Place","Restaurant"],"@id":"https:\/\/elrincondepancho.com\/#organization","name":"El Rinc\u00f3n de Pancho","url":"https:\/\/elrincondepancho.com\/","logo":{"@id":"https:\/\/elrincondepancho.com\/pl\/2025\/04\/16\/gdzie-zjesc-w-dzien-matki-na-teneryfie\/#local-main-organization-logo"},"image":{"@id":"https:\/\/elrincondepancho.com\/pl\/2025\/04\/16\/gdzie-zjesc-w-dzien-matki-na-teneryfie\/#local-main-organization-logo"},"address":{"@id":"https:\/\/elrincondepancho.com\/pl\/2025\/04\/16\/gdzie-zjesc-w-dzien-matki-na-teneryfie\/#local-main-place-address"},"geo":{"@type":"GeoCoordinates","latitude":"28.0518515","longitude":"-16.716028817"},"telephone":["922 78 73 93"],"contactPoint":{"@type":"ContactPoint","telephone":"922 78 73 93","email":"info@elrincondepancho.com"},"openingHoursSpecification":[{"@type":"OpeningHoursSpecification","dayOfWeek":["Monday","Tuesday","Wednesday","Thursday","Friday","Saturday","Sunday"],"opens":"09:00","closes":"17:00"}],"email":"info@elrincondepancho.com","areaServed":"Los Cristianos, Tenerife"},{"@type":"Person","@id":"https:\/\/elrincondepancho.com\/#\/schema\/person\/bfa0b977f2886f51b258b0453c49b5ee","name":"alana","image":{"@type":"ImageObject","inLanguage":"pl-PL","@id":"https:\/\/elrincondepancho.com\/#\/schema\/person\/image\/","url":"https:\/\/secure.gravatar.com\/avatar\/8e0c6266115797b0e6b6e0646ba9fab4dede49eea37380997f57ed77e86d5daf?s=96&d=mm&r=g","contentUrl":"https:\/\/secure.gravatar.com\/avatar\/8e0c6266115797b0e6b6e0646ba9fab4dede49eea37380997f57ed77e86d5daf?s=96&d=mm&r=g","caption":"alana"},"sameAs":["https:\/\/elrincondepancho.com"]},{"@type":"PostalAddress","@id":"https:\/\/elrincondepancho.com\/pl\/2025\/04\/16\/gdzie-zjesc-w-dzien-matki-na-teneryfie\/#local-main-place-address","streetAddress":"C. del Valle Men\u00e9ndez, 20, 38650 Los Cristianos, Santa Cruz de Tenerife","addressLocality":"Los Cristianos","postalCode":"38650","addressRegion":"Santa Cruz de Tenerife","addressCountry":"ES"},{"@type":"ImageObject","inLanguage":"pl-PL","@id":"https:\/\/elrincondepancho.com\/pl\/2025\/04\/16\/gdzie-zjesc-w-dzien-matki-na-teneryfie\/#local-main-organization-logo","url":"https:\/\/elrincondepancho.com\/wp-content\/uploads\/2021\/12\/elrincondepancho512.png","contentUrl":"https:\/\/elrincondepancho.com\/wp-content\/uploads\/2021\/12\/elrincondepancho512.png","width":512,"height":512,"caption":"El Rinc\u00f3n de Pancho"}]},"geo.placename":"Los Cristianos","geo.position":{"lat":"28.0518515","long":"-16.716028817"},"geo.region":"Hiszpania"},"_links":{"self":[{"href":"https:\/\/elrincondepancho.com\/pl\/wp-json\/wp\/v2\/posts\/1681","targetHints":{"allow":["GET"]}}],"collection":[{"href":"https:\/\/elrincondepancho.com\/pl\/wp-json\/wp\/v2\/posts"}],"about":[{"href":"https:\/\/elrincondepancho.com\/pl\/wp-json\/wp\/v2\/types\/post"}],"author":[{"embeddable":true,"href":"https:\/\/elrincondepancho.com\/pl\/wp-json\/wp\/v2\/users\/1"}],"replies":[{"embeddable":true,"href":"https:\/\/elrincondepancho.com\/pl\/wp-json\/wp\/v2\/comments?post=1681"}],"version-history":[{"count":2,"href":"https:\/\/elrincondepancho.com\/pl\/wp-json\/wp\/v2\/posts\/1681\/revisions"}],"predecessor-version":[{"id":1821,"href":"https:\/\/elrincondepancho.com\/pl\/wp-json\/wp\/v2\/posts\/1681\/revisions\/1821"}],"wp:featuredmedia":[{"embeddable":true,"href":"https:\/\/elrincondepancho.com\/pl\/wp-json\/wp\/v2\/media\/1668"}],"wp:attachment":[{"href":"https:\/\/elrincondepancho.com\/pl\/wp-json\/wp\/v2\/media?parent=1681"}],"wp:term":[{"taxonomy":"category","embeddable":true,"href":"https:\/\/elrincondepancho.com\/pl\/wp-json\/wp\/v2\/categories?post=1681"},{"taxonomy":"post_tag","embeddable":true,"href":"https:\/\/elrincondepancho.com\/pl\/wp-json\/wp\/v2\/tags?post=1681"}],"curies":[{"name":"wp","href":"https:\/\/api.w.org\/{rel}","templated":true}]}}