{"id":1782,"date":"2025-07-15T11:05:26","date_gmt":"2025-07-15T11:05:26","guid":{"rendered":"https:\/\/elrincondepancho.com\/?p=1782"},"modified":"2025-07-15T11:05:26","modified_gmt":"2025-07-15T11:05:26","slug":"gdzie-zjesc-w-los-cristianos-powody-dla-ktorych-warto-nas-wybrac","status":"publish","type":"post","link":"https:\/\/elrincondepancho.com\/pl\/2025\/07\/15\/gdzie-zjesc-w-los-cristianos-powody-dla-ktorych-warto-nas-wybrac\/","title":{"rendered":"Gdzie zje\u015b\u0107 w Los Cristianos? Powody, dla kt\u00f3rych warto nas wybra\u0107"},"content":{"rendered":"<p>Kiedy kto\u015b pyta <strong><em>gdzie zje\u015b\u0107 w Los Cristianos<\/em><\/strong>, zazwyczaj nie szuka tylko posi\u0142ku. To, czego naprawd\u0119 szuka, to pe\u0142ne do\u015bwiadczenie: miejsce z dobr\u0105 obs\u0142ug\u0105, przyjemn\u0105 atmosfer\u0105 i oczywi\u015bcie zr\u00f3\u017cnicowanym menu pe\u0142nym smacznych i dobrze przygotowanych da\u0144. A je\u015bli do tego cena jest uczciwa, tym lepiej.<\/p>\n<p>Dok\u0142adnie to oferujemy. Przestrze\u0144, w kt\u00f3rej ka\u017cdy detal jest przemy\u015blany, aby\u015b poczu\u0142 si\u0119 jak w domu. Od pierwszej chwili przywitaj\u0105 Ci\u0119 z blisko\u015bci\u0105, a atmosfera jest spokojna, bez po\u015bpiechu i zb\u0119dnych formalno\u015bci. Mo\u017cesz tu przyj\u015b\u0107, aby cieszy\u0107 si\u0119 spokojnym posi\u0142kiem, czy to we dwoje, z rodzin\u0105 czy przyjaci\u00f3\u0142mi.<\/p>\n<p>Menu jest stworzone z my\u015bl\u0105 o wszystkich gustach. S\u0105 opcje dla tych, kt\u00f3rzy maj\u0105 apetyt na co\u015b konkretnego, ale tak\u017ce dla tych, kt\u00f3rzy wol\u0105 co\u015b lekkiego. Tapasy s\u0105 jedn\u0105 z g\u0142\u00f3wnych atrakcji, z propozycjami od tradycyjnych po bardziej kreatywne. Pieczony ser z mojo, domowe krokiety, almogrote czy krewetki w czarnej tempurze to idealne dania do dzielenia si\u0119 i odkrywania r\u00f3\u017cnych smak\u00f3w.<\/p>\n<p><img loading=\"lazy\" decoding=\"async\" class=\"size-medium wp-image-970 alignright\" src=\"https:\/\/elrincondepancho.com\/wp-content\/uploads\/2021\/12\/solomillo-de-cochino-negro-300x231.jpg\" alt=\"\" width=\"300\" height=\"231\" srcset=\"https:\/\/elrincondepancho.com\/wp-content\/uploads\/2021\/12\/solomillo-de-cochino-negro-300x231.jpg 300w, https:\/\/elrincondepancho.com\/wp-content\/uploads\/2021\/12\/solomillo-de-cochino-negro-1024x789.jpg 1024w, https:\/\/elrincondepancho.com\/wp-content\/uploads\/2021\/12\/solomillo-de-cochino-negro-768x592.jpg 768w, https:\/\/elrincondepancho.com\/wp-content\/uploads\/2021\/12\/solomillo-de-cochino-negro.jpg 1402w\" sizes=\"auto, (max-width: 300px) 100vw, 300px\" \/><\/p>\n<p>Je\u015bli wolisz co\u015b bardziej syc\u0105cego, dost\u0119pne s\u0105 mi\u0119sa takie jak sekret iberyjski czy pol\u0119dwica szefa kuchni, a tak\u017ce ryby, takie jak dorsz z cebulk\u0105, \u0142oso\u015b w cava czy o\u015bmiornica przygotowana po kanaryjsku. Dania obfite, smaczne i podane w idealnym punkcie. Oferujemy r\u00f3wnie\u017c zupy lub potrawy dnia, idealne je\u015bli szukasz czego\u015b domowego i rozgrzewaj\u0105cego.<\/p>\n<p>Kolejnym wa\u017cnym aspektem jest obs\u0142uga. Zesp\u00f3\u0142 nie tylko podaje dania \u2013 jest gotowy wyja\u015bni\u0107 ka\u017cd\u0105 opcj\u0119, pom\u00f3c Ci wybra\u0107 i poleci\u0107 co\u015b wed\u0142ug Twoich preferencji. Ta blisko\u015b\u0107 robi r\u00f3\u017cnic\u0119 i zamienia ka\u017cdy posi\u0142ek w przyjemne i autentyczne do\u015bwiadczenie.<\/p>\n<p>Dodatkowo atmosfera miejsca zach\u0119ca, by zosta\u0107 d\u0142u\u017cej. Bez ha\u0142asu, bez stresu, z prost\u0105 ale ciep\u0142\u0105 dekoracj\u0105. To typ miejsca, kt\u00f3re z czystym sumieniem poleca si\u0119 dalej i do kt\u00f3rego zawsze chce si\u0119 wraca\u0107.<\/p>\n<p>Wi\u0119c je\u015bli nadal zastanawiasz si\u0119 <strong>gdzie zje\u015b\u0107 w Los Cristianos<\/strong>, masz ju\u017c jasn\u0105 odpowied\u017a: w <strong>El Rinc\u00f3n de Pancho<\/strong>, miejscu, gdzie dobrze si\u0119 je, jeszcze lepiej sp\u0119dza czas i zawsze spotkasz si\u0119 z u\u015bmiechem.<br \/>\n<strong>Nie czekaj i zarezerwuj stolik, dzwoni\u0105c pod numer <a href=\"tel:+34922787393\">+34 922 78 73 93<\/a>.<\/strong><\/p>\n","protected":false},"excerpt":{"rendered":"<p>Kiedy kto\u015b pyta gdzie zje\u015b\u0107 w Los Cristianos, zazwyczaj nie szuka tylko posi\u0142ku. To, czego naprawd\u0119 szuka, to pe\u0142ne do\u015bwiadczenie: miejsce z dobr\u0105 obs\u0142ug\u0105, przyjemn\u0105 atmosfer\u0105 i oczywi\u015bcie zr\u00f3\u017cnicowanym menu pe\u0142nym smacznych i dobrze przygotowanych da\u0144. A je\u015bli do tego cena jest uczciwa, tym lepiej. Dok\u0142adnie to oferujemy. Przestrze\u0144, w kt\u00f3rej ka\u017cdy detal jest przemy\u015blany,<span class=\"read_more_area\"><a class=\"read-more\" href=\"https:\/\/elrincondepancho.com\/pl\/2025\/07\/15\/gdzie-zjesc-w-los-cristianos-powody-dla-ktorych-warto-nas-wybrac\/\"> Continue Reading <\/a><\/span><\/p>\n","protected":false},"author":1,"featured_media":1768,"comment_status":"closed","ping_status":"closed","sticky":false,"template":"","format":"standard","meta":{"footnotes":""},"categories":[42],"tags":[],"class_list":["post-1782","post","type-post","status-publish","format-standard","has-post-thumbnail","hentry","category-tapas-na-teneryfie"],"yoast_head":"<!-- This site is optimized with the Yoast SEO Premium plugin v26.2 (Yoast SEO v26.2) - https:\/\/yoast.com\/wordpress\/plugins\/seo\/ -->\n<title>Gdzie zje\u015b\u0107 w Los Cristianos? Powody, dla kt\u00f3rych warto nas wybra\u0107 - El Rinc\u00f3n de Pancho<\/title>\n<meta name=\"description\" content=\"Chcesz wiedzie\u0107, gdzie zje\u015b\u0107 w Los Cristianos? Ciesz si\u0119 autentycznymi potrawami i przyjazn\u0105 atmosfer\u0105 w El Rinc\u00f3n de Pancho, zarezerwuj teraz!\" \/>\n<meta name=\"robots\" content=\"index, follow, max-snippet:-1, max-image-preview:large, max-video-preview:-1\" \/>\n<link rel=\"canonical\" href=\"https:\/\/elrincondepancho.com\/pl\/2025\/07\/15\/gdzie-zjesc-w-los-cristianos-powody-dla-ktorych-warto-nas-wybrac\/\" \/>\n<meta property=\"og:locale\" content=\"pl_PL\" \/>\n<meta property=\"og:type\" content=\"article\" \/>\n<meta property=\"og:title\" content=\"Gdzie zje\u015b\u0107 w Los Cristianos? Powody, dla kt\u00f3rych warto nas wybra\u0107\" \/>\n<meta property=\"og:description\" content=\"Chcesz wiedzie\u0107, gdzie zje\u015b\u0107 w Los Cristianos? Ciesz si\u0119 autentycznymi potrawami i przyjazn\u0105 atmosfer\u0105 w El Rinc\u00f3n de Pancho, zarezerwuj teraz!\" \/>\n<meta property=\"og:url\" content=\"https:\/\/elrincondepancho.com\/pl\/2025\/07\/15\/gdzie-zjesc-w-los-cristianos-powody-dla-ktorych-warto-nas-wybrac\/\" \/>\n<meta property=\"og:site_name\" content=\"El Rinc\u00f3n de Pancho\" \/>\n<meta property=\"article:published_time\" content=\"2025-07-15T11:05:26+00:00\" \/>\n<meta property=\"og:image\" content=\"https:\/\/elrincondepancho.com\/wp-content\/uploads\/2025\/07\/Donde-comer-en-Los-Cristianos.jpg\" \/>\n\t<meta property=\"og:image:width\" content=\"1240\" \/>\n\t<meta property=\"og:image:height\" content=\"600\" \/>\n\t<meta property=\"og:image:type\" content=\"image\/jpeg\" \/>\n<meta name=\"author\" content=\"alana\" \/>\n<meta name=\"twitter:card\" content=\"summary_large_image\" \/>\n<meta name=\"twitter:label1\" content=\"Napisane przez\" \/>\n\t<meta name=\"twitter:data1\" content=\"alana\" \/>\n\t<meta name=\"twitter:label2\" content=\"Szacowany czas czytania\" \/>\n\t<meta name=\"twitter:data2\" content=\"2 minuty\" \/>\n<script type=\"application\/ld+json\" class=\"yoast-schema-graph\">{\"@context\":\"https:\/\/schema.org\",\"@graph\":[{\"@type\":\"Article\",\"@id\":\"https:\/\/elrincondepancho.com\/pl\/2025\/07\/15\/gdzie-zjesc-w-los-cristianos-powody-dla-ktorych-warto-nas-wybrac\/#article\",\"isPartOf\":{\"@id\":\"https:\/\/elrincondepancho.com\/pl\/2025\/07\/15\/gdzie-zjesc-w-los-cristianos-powody-dla-ktorych-warto-nas-wybrac\/\"},\"author\":{\"name\":\"alana\",\"@id\":\"https:\/\/elrincondepancho.com\/#\/schema\/person\/bfa0b977f2886f51b258b0453c49b5ee\"},\"headline\":\"Gdzie zje\u015b\u0107 w Los Cristianos? Powody, dla kt\u00f3rych warto nas wybra\u0107\",\"datePublished\":\"2025-07-15T11:05:26+00:00\",\"mainEntityOfPage\":{\"@id\":\"https:\/\/elrincondepancho.com\/pl\/2025\/07\/15\/gdzie-zjesc-w-los-cristianos-powody-dla-ktorych-warto-nas-wybrac\/\"},\"wordCount\":389,\"publisher\":{\"@id\":\"https:\/\/elrincondepancho.com\/#organization\"},\"image\":{\"@id\":\"https:\/\/elrincondepancho.com\/pl\/2025\/07\/15\/gdzie-zjesc-w-los-cristianos-powody-dla-ktorych-warto-nas-wybrac\/#primaryimage\"},\"thumbnailUrl\":\"https:\/\/elrincondepancho.com\/wp-content\/uploads\/2025\/07\/Donde-comer-en-Los-Cristianos.jpg\",\"articleSection\":[\"Tapas na Teneryfie\"],\"inLanguage\":\"pl-PL\"},{\"@type\":\"WebPage\",\"@id\":\"https:\/\/elrincondepancho.com\/pl\/2025\/07\/15\/gdzie-zjesc-w-los-cristianos-powody-dla-ktorych-warto-nas-wybrac\/\",\"url\":\"https:\/\/elrincondepancho.com\/pl\/2025\/07\/15\/gdzie-zjesc-w-los-cristianos-powody-dla-ktorych-warto-nas-wybrac\/\",\"name\":\"Gdzie zje\u015b\u0107 w Los Cristianos? Powody, dla kt\u00f3rych warto nas wybra\u0107 - El Rinc\u00f3n de Pancho\",\"isPartOf\":{\"@id\":\"https:\/\/elrincondepancho.com\/#website\"},\"primaryImageOfPage\":{\"@id\":\"https:\/\/elrincondepancho.com\/pl\/2025\/07\/15\/gdzie-zjesc-w-los-cristianos-powody-dla-ktorych-warto-nas-wybrac\/#primaryimage\"},\"image\":{\"@id\":\"https:\/\/elrincondepancho.com\/pl\/2025\/07\/15\/gdzie-zjesc-w-los-cristianos-powody-dla-ktorych-warto-nas-wybrac\/#primaryimage\"},\"thumbnailUrl\":\"https:\/\/elrincondepancho.com\/wp-content\/uploads\/2025\/07\/Donde-comer-en-Los-Cristianos.jpg\",\"datePublished\":\"2025-07-15T11:05:26+00:00\",\"description\":\"Chcesz wiedzie\u0107, gdzie zje\u015b\u0107 w Los Cristianos? Ciesz si\u0119 autentycznymi potrawami i przyjazn\u0105 atmosfer\u0105 w El Rinc\u00f3n de Pancho, zarezerwuj teraz!\",\"breadcrumb\":{\"@id\":\"https:\/\/elrincondepancho.com\/pl\/2025\/07\/15\/gdzie-zjesc-w-los-cristianos-powody-dla-ktorych-warto-nas-wybrac\/#breadcrumb\"},\"inLanguage\":\"pl-PL\",\"potentialAction\":[{\"@type\":\"ReadAction\",\"target\":[\"https:\/\/elrincondepancho.com\/pl\/2025\/07\/15\/gdzie-zjesc-w-los-cristianos-powody-dla-ktorych-warto-nas-wybrac\/\"]}]},{\"@type\":\"ImageObject\",\"inLanguage\":\"pl-PL\",\"@id\":\"https:\/\/elrincondepancho.com\/pl\/2025\/07\/15\/gdzie-zjesc-w-los-cristianos-powody-dla-ktorych-warto-nas-wybrac\/#primaryimage\",\"url\":\"https:\/\/elrincondepancho.com\/wp-content\/uploads\/2025\/07\/Donde-comer-en-Los-Cristianos.jpg\",\"contentUrl\":\"https:\/\/elrincondepancho.com\/wp-content\/uploads\/2025\/07\/Donde-comer-en-Los-Cristianos.jpg\",\"width\":1240,\"height\":600,\"caption\":\"D\u00f3nde comer en Los Cristianos\"},{\"@type\":\"BreadcrumbList\",\"@id\":\"https:\/\/elrincondepancho.com\/pl\/2025\/07\/15\/gdzie-zjesc-w-los-cristianos-powody-dla-ktorych-warto-nas-wybrac\/#breadcrumb\",\"itemListElement\":[{\"@type\":\"ListItem\",\"position\":1,\"name\":\"Portada\",\"item\":\"https:\/\/elrincondepancho.com\/pl\/\"},{\"@type\":\"ListItem\",\"position\":2,\"name\":\"Gdzie zje\u015b\u0107 w Los Cristianos? Powody, dla kt\u00f3rych warto nas wybra\u0107\"}]},{\"@type\":\"WebSite\",\"@id\":\"https:\/\/elrincondepancho.com\/#website\",\"url\":\"https:\/\/elrincondepancho.com\/\",\"name\":\"El Rinc\u00f3n de Pancho\",\"description\":\"Restaurante en Tenerife\",\"publisher\":{\"@id\":\"https:\/\/elrincondepancho.com\/#organization\"},\"potentialAction\":[{\"@type\":\"SearchAction\",\"target\":{\"@type\":\"EntryPoint\",\"urlTemplate\":\"https:\/\/elrincondepancho.com\/?s={search_term_string}\"},\"query-input\":{\"@type\":\"PropertyValueSpecification\",\"valueRequired\":true,\"valueName\":\"search_term_string\"}}],\"inLanguage\":\"pl-PL\"},{\"@type\":[\"Organization\",\"Place\",\"Restaurant\"],\"@id\":\"https:\/\/elrincondepancho.com\/#organization\",\"name\":\"El Rinc\u00f3n de Pancho\",\"url\":\"https:\/\/elrincondepancho.com\/\",\"logo\":{\"@id\":\"https:\/\/elrincondepancho.com\/pl\/2025\/07\/15\/gdzie-zjesc-w-los-cristianos-powody-dla-ktorych-warto-nas-wybrac\/#local-main-organization-logo\"},\"image\":{\"@id\":\"https:\/\/elrincondepancho.com\/pl\/2025\/07\/15\/gdzie-zjesc-w-los-cristianos-powody-dla-ktorych-warto-nas-wybrac\/#local-main-organization-logo\"},\"address\":{\"@id\":\"https:\/\/elrincondepancho.com\/pl\/2025\/07\/15\/gdzie-zjesc-w-los-cristianos-powody-dla-ktorych-warto-nas-wybrac\/#local-main-place-address\"},\"geo\":{\"@type\":\"GeoCoordinates\",\"latitude\":\"28.0518515\",\"longitude\":\"-16.716028817\"},\"telephone\":[\"922 78 73 93\"],\"contactPoint\":{\"@type\":\"ContactPoint\",\"telephone\":\"922 78 73 93\",\"email\":\"info@elrincondepancho.com\"},\"openingHoursSpecification\":[{\"@type\":\"OpeningHoursSpecification\",\"dayOfWeek\":[\"Monday\",\"Tuesday\",\"Wednesday\",\"Thursday\",\"Friday\",\"Saturday\",\"Sunday\"],\"opens\":\"09:00\",\"closes\":\"17:00\"}],\"email\":\"info@elrincondepancho.com\",\"areaServed\":\"Los Cristianos, Tenerife\"},{\"@type\":\"Person\",\"@id\":\"https:\/\/elrincondepancho.com\/#\/schema\/person\/bfa0b977f2886f51b258b0453c49b5ee\",\"name\":\"alana\",\"image\":{\"@type\":\"ImageObject\",\"inLanguage\":\"pl-PL\",\"@id\":\"https:\/\/elrincondepancho.com\/#\/schema\/person\/image\/\",\"url\":\"https:\/\/secure.gravatar.com\/avatar\/8e0c6266115797b0e6b6e0646ba9fab4dede49eea37380997f57ed77e86d5daf?s=96&d=mm&r=g\",\"contentUrl\":\"https:\/\/secure.gravatar.com\/avatar\/8e0c6266115797b0e6b6e0646ba9fab4dede49eea37380997f57ed77e86d5daf?s=96&d=mm&r=g\",\"caption\":\"alana\"},\"sameAs\":[\"https:\/\/elrincondepancho.com\"]},{\"@type\":\"PostalAddress\",\"@id\":\"https:\/\/elrincondepancho.com\/pl\/2025\/07\/15\/gdzie-zjesc-w-los-cristianos-powody-dla-ktorych-warto-nas-wybrac\/#local-main-place-address\",\"streetAddress\":\"C. del Valle Men\u00e9ndez, 20, 38650 Los Cristianos, Santa Cruz de Tenerife\",\"addressLocality\":\"Los Cristianos\",\"postalCode\":\"38650\",\"addressRegion\":\"Santa Cruz de Tenerife\",\"addressCountry\":\"ES\"},{\"@type\":\"ImageObject\",\"inLanguage\":\"pl-PL\",\"@id\":\"https:\/\/elrincondepancho.com\/pl\/2025\/07\/15\/gdzie-zjesc-w-los-cristianos-powody-dla-ktorych-warto-nas-wybrac\/#local-main-organization-logo\",\"url\":\"https:\/\/elrincondepancho.com\/wp-content\/uploads\/2021\/12\/elrincondepancho512.png\",\"contentUrl\":\"https:\/\/elrincondepancho.com\/wp-content\/uploads\/2021\/12\/elrincondepancho512.png\",\"width\":512,\"height\":512,\"caption\":\"El Rinc\u00f3n de Pancho\"}]}<\/script>\n<meta name=\"geo.placename\" content=\"Los Cristianos\" \/>\n<meta name=\"geo.position\" content=\"28.0518515;-16.716028817\" \/>\n<meta name=\"geo.region\" content=\"Hiszpania\" \/>\n<!-- \/ Yoast SEO Premium plugin. -->","yoast_head_json":{"title":"Gdzie zje\u015b\u0107 w Los Cristianos? Powody, dla kt\u00f3rych warto nas wybra\u0107 - El Rinc\u00f3n de Pancho","description":"Chcesz wiedzie\u0107, gdzie zje\u015b\u0107 w Los Cristianos? Ciesz si\u0119 autentycznymi potrawami i przyjazn\u0105 atmosfer\u0105 w El Rinc\u00f3n de Pancho, zarezerwuj teraz!","robots":{"index":"index","follow":"follow","max-snippet":"max-snippet:-1","max-image-preview":"max-image-preview:large","max-video-preview":"max-video-preview:-1"},"canonical":"https:\/\/elrincondepancho.com\/pl\/2025\/07\/15\/gdzie-zjesc-w-los-cristianos-powody-dla-ktorych-warto-nas-wybrac\/","og_locale":"pl_PL","og_type":"article","og_title":"Gdzie zje\u015b\u0107 w Los Cristianos? Powody, dla kt\u00f3rych warto nas wybra\u0107","og_description":"Chcesz wiedzie\u0107, gdzie zje\u015b\u0107 w Los Cristianos? Ciesz si\u0119 autentycznymi potrawami i przyjazn\u0105 atmosfer\u0105 w El Rinc\u00f3n de Pancho, zarezerwuj teraz!","og_url":"https:\/\/elrincondepancho.com\/pl\/2025\/07\/15\/gdzie-zjesc-w-los-cristianos-powody-dla-ktorych-warto-nas-wybrac\/","og_site_name":"El Rinc\u00f3n de Pancho","article_published_time":"2025-07-15T11:05:26+00:00","og_image":[{"width":1240,"height":600,"url":"https:\/\/elrincondepancho.com\/wp-content\/uploads\/2025\/07\/Donde-comer-en-Los-Cristianos.jpg","type":"image\/jpeg"}],"author":"alana","twitter_card":"summary_large_image","twitter_misc":{"Napisane przez":"alana","Szacowany czas czytania":"2 minuty"},"schema":{"@context":"https:\/\/schema.org","@graph":[{"@type":"Article","@id":"https:\/\/elrincondepancho.com\/pl\/2025\/07\/15\/gdzie-zjesc-w-los-cristianos-powody-dla-ktorych-warto-nas-wybrac\/#article","isPartOf":{"@id":"https:\/\/elrincondepancho.com\/pl\/2025\/07\/15\/gdzie-zjesc-w-los-cristianos-powody-dla-ktorych-warto-nas-wybrac\/"},"author":{"name":"alana","@id":"https:\/\/elrincondepancho.com\/#\/schema\/person\/bfa0b977f2886f51b258b0453c49b5ee"},"headline":"Gdzie zje\u015b\u0107 w Los Cristianos? Powody, dla kt\u00f3rych warto nas wybra\u0107","datePublished":"2025-07-15T11:05:26+00:00","mainEntityOfPage":{"@id":"https:\/\/elrincondepancho.com\/pl\/2025\/07\/15\/gdzie-zjesc-w-los-cristianos-powody-dla-ktorych-warto-nas-wybrac\/"},"wordCount":389,"publisher":{"@id":"https:\/\/elrincondepancho.com\/#organization"},"image":{"@id":"https:\/\/elrincondepancho.com\/pl\/2025\/07\/15\/gdzie-zjesc-w-los-cristianos-powody-dla-ktorych-warto-nas-wybrac\/#primaryimage"},"thumbnailUrl":"https:\/\/elrincondepancho.com\/wp-content\/uploads\/2025\/07\/Donde-comer-en-Los-Cristianos.jpg","articleSection":["Tapas na Teneryfie"],"inLanguage":"pl-PL"},{"@type":"WebPage","@id":"https:\/\/elrincondepancho.com\/pl\/2025\/07\/15\/gdzie-zjesc-w-los-cristianos-powody-dla-ktorych-warto-nas-wybrac\/","url":"https:\/\/elrincondepancho.com\/pl\/2025\/07\/15\/gdzie-zjesc-w-los-cristianos-powody-dla-ktorych-warto-nas-wybrac\/","name":"Gdzie zje\u015b\u0107 w Los Cristianos? Powody, dla kt\u00f3rych warto nas wybra\u0107 - El Rinc\u00f3n de Pancho","isPartOf":{"@id":"https:\/\/elrincondepancho.com\/#website"},"primaryImageOfPage":{"@id":"https:\/\/elrincondepancho.com\/pl\/2025\/07\/15\/gdzie-zjesc-w-los-cristianos-powody-dla-ktorych-warto-nas-wybrac\/#primaryimage"},"image":{"@id":"https:\/\/elrincondepancho.com\/pl\/2025\/07\/15\/gdzie-zjesc-w-los-cristianos-powody-dla-ktorych-warto-nas-wybrac\/#primaryimage"},"thumbnailUrl":"https:\/\/elrincondepancho.com\/wp-content\/uploads\/2025\/07\/Donde-comer-en-Los-Cristianos.jpg","datePublished":"2025-07-15T11:05:26+00:00","description":"Chcesz wiedzie\u0107, gdzie zje\u015b\u0107 w Los Cristianos? Ciesz si\u0119 autentycznymi potrawami i przyjazn\u0105 atmosfer\u0105 w El Rinc\u00f3n de Pancho, zarezerwuj teraz!","breadcrumb":{"@id":"https:\/\/elrincondepancho.com\/pl\/2025\/07\/15\/gdzie-zjesc-w-los-cristianos-powody-dla-ktorych-warto-nas-wybrac\/#breadcrumb"},"inLanguage":"pl-PL","potentialAction":[{"@type":"ReadAction","target":["https:\/\/elrincondepancho.com\/pl\/2025\/07\/15\/gdzie-zjesc-w-los-cristianos-powody-dla-ktorych-warto-nas-wybrac\/"]}]},{"@type":"ImageObject","inLanguage":"pl-PL","@id":"https:\/\/elrincondepancho.com\/pl\/2025\/07\/15\/gdzie-zjesc-w-los-cristianos-powody-dla-ktorych-warto-nas-wybrac\/#primaryimage","url":"https:\/\/elrincondepancho.com\/wp-content\/uploads\/2025\/07\/Donde-comer-en-Los-Cristianos.jpg","contentUrl":"https:\/\/elrincondepancho.com\/wp-content\/uploads\/2025\/07\/Donde-comer-en-Los-Cristianos.jpg","width":1240,"height":600,"caption":"D\u00f3nde comer en Los Cristianos"},{"@type":"BreadcrumbList","@id":"https:\/\/elrincondepancho.com\/pl\/2025\/07\/15\/gdzie-zjesc-w-los-cristianos-powody-dla-ktorych-warto-nas-wybrac\/#breadcrumb","itemListElement":[{"@type":"ListItem","position":1,"name":"Portada","item":"https:\/\/elrincondepancho.com\/pl\/"},{"@type":"ListItem","position":2,"name":"Gdzie zje\u015b\u0107 w Los Cristianos? Powody, dla kt\u00f3rych warto nas wybra\u0107"}]},{"@type":"WebSite","@id":"https:\/\/elrincondepancho.com\/#website","url":"https:\/\/elrincondepancho.com\/","name":"El Rinc\u00f3n de Pancho","description":"Restaurante en Tenerife","publisher":{"@id":"https:\/\/elrincondepancho.com\/#organization"},"potentialAction":[{"@type":"SearchAction","target":{"@type":"EntryPoint","urlTemplate":"https:\/\/elrincondepancho.com\/?s={search_term_string}"},"query-input":{"@type":"PropertyValueSpecification","valueRequired":true,"valueName":"search_term_string"}}],"inLanguage":"pl-PL"},{"@type":["Organization","Place","Restaurant"],"@id":"https:\/\/elrincondepancho.com\/#organization","name":"El Rinc\u00f3n de Pancho","url":"https:\/\/elrincondepancho.com\/","logo":{"@id":"https:\/\/elrincondepancho.com\/pl\/2025\/07\/15\/gdzie-zjesc-w-los-cristianos-powody-dla-ktorych-warto-nas-wybrac\/#local-main-organization-logo"},"image":{"@id":"https:\/\/elrincondepancho.com\/pl\/2025\/07\/15\/gdzie-zjesc-w-los-cristianos-powody-dla-ktorych-warto-nas-wybrac\/#local-main-organization-logo"},"address":{"@id":"https:\/\/elrincondepancho.com\/pl\/2025\/07\/15\/gdzie-zjesc-w-los-cristianos-powody-dla-ktorych-warto-nas-wybrac\/#local-main-place-address"},"geo":{"@type":"GeoCoordinates","latitude":"28.0518515","longitude":"-16.716028817"},"telephone":["922 78 73 93"],"contactPoint":{"@type":"ContactPoint","telephone":"922 78 73 93","email":"info@elrincondepancho.com"},"openingHoursSpecification":[{"@type":"OpeningHoursSpecification","dayOfWeek":["Monday","Tuesday","Wednesday","Thursday","Friday","Saturday","Sunday"],"opens":"09:00","closes":"17:00"}],"email":"info@elrincondepancho.com","areaServed":"Los Cristianos, Tenerife"},{"@type":"Person","@id":"https:\/\/elrincondepancho.com\/#\/schema\/person\/bfa0b977f2886f51b258b0453c49b5ee","name":"alana","image":{"@type":"ImageObject","inLanguage":"pl-PL","@id":"https:\/\/elrincondepancho.com\/#\/schema\/person\/image\/","url":"https:\/\/secure.gravatar.com\/avatar\/8e0c6266115797b0e6b6e0646ba9fab4dede49eea37380997f57ed77e86d5daf?s=96&d=mm&r=g","contentUrl":"https:\/\/secure.gravatar.com\/avatar\/8e0c6266115797b0e6b6e0646ba9fab4dede49eea37380997f57ed77e86d5daf?s=96&d=mm&r=g","caption":"alana"},"sameAs":["https:\/\/elrincondepancho.com"]},{"@type":"PostalAddress","@id":"https:\/\/elrincondepancho.com\/pl\/2025\/07\/15\/gdzie-zjesc-w-los-cristianos-powody-dla-ktorych-warto-nas-wybrac\/#local-main-place-address","streetAddress":"C. del Valle Men\u00e9ndez, 20, 38650 Los Cristianos, Santa Cruz de Tenerife","addressLocality":"Los Cristianos","postalCode":"38650","addressRegion":"Santa Cruz de Tenerife","addressCountry":"ES"},{"@type":"ImageObject","inLanguage":"pl-PL","@id":"https:\/\/elrincondepancho.com\/pl\/2025\/07\/15\/gdzie-zjesc-w-los-cristianos-powody-dla-ktorych-warto-nas-wybrac\/#local-main-organization-logo","url":"https:\/\/elrincondepancho.com\/wp-content\/uploads\/2021\/12\/elrincondepancho512.png","contentUrl":"https:\/\/elrincondepancho.com\/wp-content\/uploads\/2021\/12\/elrincondepancho512.png","width":512,"height":512,"caption":"El Rinc\u00f3n de Pancho"}]},"geo.placename":"Los Cristianos","geo.position":{"lat":"28.0518515","long":"-16.716028817"},"geo.region":"Hiszpania"},"_links":{"self":[{"href":"https:\/\/elrincondepancho.com\/pl\/wp-json\/wp\/v2\/posts\/1782","targetHints":{"allow":["GET"]}}],"collection":[{"href":"https:\/\/elrincondepancho.com\/pl\/wp-json\/wp\/v2\/posts"}],"about":[{"href":"https:\/\/elrincondepancho.com\/pl\/wp-json\/wp\/v2\/types\/post"}],"author":[{"embeddable":true,"href":"https:\/\/elrincondepancho.com\/pl\/wp-json\/wp\/v2\/users\/1"}],"replies":[{"embeddable":true,"href":"https:\/\/elrincondepancho.com\/pl\/wp-json\/wp\/v2\/comments?post=1782"}],"version-history":[{"count":1,"href":"https:\/\/elrincondepancho.com\/pl\/wp-json\/wp\/v2\/posts\/1782\/revisions"}],"predecessor-version":[{"id":1784,"href":"https:\/\/elrincondepancho.com\/pl\/wp-json\/wp\/v2\/posts\/1782\/revisions\/1784"}],"wp:featuredmedia":[{"embeddable":true,"href":"https:\/\/elrincondepancho.com\/pl\/wp-json\/wp\/v2\/media\/1768"}],"wp:attachment":[{"href":"https:\/\/elrincondepancho.com\/pl\/wp-json\/wp\/v2\/media?parent=1782"}],"wp:term":[{"taxonomy":"category","embeddable":true,"href":"https:\/\/elrincondepancho.com\/pl\/wp-json\/wp\/v2\/categories?post=1782"},{"taxonomy":"post_tag","embeddable":true,"href":"https:\/\/elrincondepancho.com\/pl\/wp-json\/wp\/v2\/tags?post=1782"}],"curies":[{"name":"wp","href":"https:\/\/api.w.org\/{rel}","templated":true}]}}